{"id":263,"date":"2015-12-04T03:12:00","date_gmt":"2015-12-04T06:12:00","guid":{"rendered":"http:\/\/cedaf.fca.unju.edu.ar\/?p=263"},"modified":"2022-09-04T03:13:22","modified_gmt":"2022-09-04T06:13:22","slug":"biodiversidad-comunidades-campesinas-e-innovaciones-biotecnologicas-apropiadas","status":"publish","type":"post","link":"http:\/\/cedaf.fca.unju.edu.ar\/?p=263","title":{"rendered":"Biodiversidad, comunidades campesinas e innovaciones biotecnol\u00f3gicas apropiadas"},"content":{"rendered":"\n<p>Autores: Alvarez S.<\/p>\n\n\n\n<p>Centro de Estudios para el Desarrollo de la Agricultura Familiar (CEDAF), Facultad de Ciencias Agrarias, UNJu.<\/p>\n\n\n\n<p>Revista: ProDiversitas<\/p>\n\n\n\n<p>A\u00f1o:1<\/p>\n\n\n\n<p>Numero:2<\/p>\n\n\n\n<p>Edici\u00f3n: diciembre 2015<\/p>\n\n\n\n<p>P\u00e1ginas: 25 &#8211; 32<\/p>\n\n\n\n<p>ISBN: 2362-6518<\/p>\n\n\n\n<p>Web: <a href=\"http:\/\/www.prodiversitas.org\/revista\/revista.htm\">http:\/\/www.prodiversitas.org\/revista\/revista.htm<\/a><\/p>\n\n\n\n<div data-wp-interactive=\"core\/file\" class=\"wp-block-file\"><object data-wp-bind--hidden=\"!state.hasPdfPreview\" hidden class=\"wp-block-file__embed\" data=\"http:\/\/cedaf.fca.unju.edu.ar\/wp-content\/uploads\/2022\/09\/alvarez.pdf\" type=\"application\/pdf\" style=\"width:100%;height:600px\" aria-label=\"Incrustado de Incrustado de alvarez..\"><\/object><a id=\"wp-block-file--media-9ba906bd-49db-4caf-950c-72a017dbcb3c\" href=\"http:\/\/cedaf.fca.unju.edu.ar\/wp-content\/uploads\/2022\/09\/alvarez.pdf\">alvarez<\/a><a href=\"http:\/\/cedaf.fca.unju.edu.ar\/wp-content\/uploads\/2022\/09\/alvarez.pdf\" class=\"wp-block-file__button\" download aria-describedby=\"wp-block-file--media-9ba906bd-49db-4caf-950c-72a017dbcb3c\">Descarga<\/a><\/div>\n","protected":false},"excerpt":{"rendered":"<p>Proyectos de desarrollo para culturas andinas, que incluyen tecnolog\u00edas aplicadas a la semilla, requieren el an\u00e1lisis de su compatibilidad biocultural. Evidencias de procesos coevolutivos entre plantas, virus y la actividad de domesticaci\u00f3n realizada por el hombre se asocian con agroecosistemas ecol\u00f3gicamente estables. El uso de semilla libre de virus est\u00e1 vinculado al resguardo de los recursos filogen\u00e9ticos ex situ y la noci\u00f3n de progreso occidental, que busca dar respuesta a problemas derivados de sistemas de monocultivo, ecol\u00f3gicamente inestables. Una honesta intervenci\u00f3n en el territorio requiere la autoevaluaci\u00f3n de la propia visi\u00f3n que orienta y define la acci\u00f3n cient\u00edfica o tecnol\u00f3gica.<\/p>\n","protected":false},"author":1,"featured_media":264,"comment_status":"closed","ping_status":"","sticky":false,"template":"","format":"standard","meta":{"footnotes":""},"categories":[22,7,17],"tags":[],"class_list":["post-263","post","type-post","status-publish","format-standard","has-post-thumbnail","hentry","category-articulos-completos","category-biblioteca","category-trabajos-cientificos"],"_links":{"self":[{"href":"http:\/\/cedaf.fca.unju.edu.ar\/index.php?rest_route=\/wp\/v2\/posts\/263","targetHints":{"allow":["GET"]}}],"collection":[{"href":"http:\/\/cedaf.fca.unju.edu.ar\/index.php?rest_route=\/wp\/v2\/posts"}],"about":[{"href":"http:\/\/cedaf.fca.unju.edu.ar\/index.php?rest_route=\/wp\/v2\/types\/post"}],"author":[{"embeddable":true,"href":"http:\/\/cedaf.fca.unju.edu.ar\/index.php?rest_route=\/wp\/v2\/users\/1"}],"replies":[{"embeddable":true,"href":"http:\/\/cedaf.fca.unju.edu.ar\/index.php?rest_route=%2Fwp%2Fv2%2Fcomments&post=263"}],"version-history":[{"count":1,"href":"http:\/\/cedaf.fca.unju.edu.ar\/index.php?rest_route=\/wp\/v2\/posts\/263\/revisions"}],"predecessor-version":[{"id":265,"href":"http:\/\/cedaf.fca.unju.edu.ar\/index.php?rest_route=\/wp\/v2\/posts\/263\/revisions\/265"}],"wp:featuredmedia":[{"embeddable":true,"href":"http:\/\/cedaf.fca.unju.edu.ar\/index.php?rest_route=\/wp\/v2\/media\/264"}],"wp:attachment":[{"href":"http:\/\/cedaf.fca.unju.edu.ar\/index.php?rest_route=%2Fwp%2Fv2%2Fmedia&parent=263"}],"wp:term":[{"taxonomy":"category","embeddable":true,"href":"http:\/\/cedaf.fca.unju.edu.ar\/index.php?rest_route=%2Fwp%2Fv2%2Fcategories&post=263"},{"taxonomy":"post_tag","embeddable":true,"href":"http:\/\/cedaf.fca.unju.edu.ar\/index.php?rest_route=%2Fwp%2Fv2%2Ftags&post=263"}],"curies":[{"name":"wp","href":"https:\/\/api.w.org\/{rel}","templated":true}]}}