{"id":292,"date":"2022-09-05T10:41:45","date_gmt":"2022-09-05T13:41:45","guid":{"rendered":"http:\/\/cedaf.fca.unju.edu.ar\/?p=292"},"modified":"2022-09-05T12:11:02","modified_gmt":"2022-09-05T15:11:02","slug":"la-semilla-no-es-un-objeto","status":"publish","type":"post","link":"http:\/\/cedaf.fca.unju.edu.ar\/?p=292","title":{"rendered":"La Semilla no es un objeto"},"content":{"rendered":"\n<p>El acto de separar las semillas y ponerla en alg\u00fan rinc\u00f3n de tierra y su<br>posterior cuidado, acompa\u00f1\u00f3 al humano durante miles de a\u00f1os. En la medida<br>que pas\u00f3 el tiempo, fue de alguna manera perfeccion\u00e1ndose esta t\u00e9cnica,<br>hasta lograr reemplazar el acto de recolecci\u00f3n como principal forma de<br>conseguir alimento, dando origen a lo que hoy llamamos agricultura.<\/p>\n\n\n\n<div data-wp-interactive=\"core\/file\" class=\"wp-block-file\"><object data-wp-bind--hidden=\"!state.hasPdfPreview\" hidden class=\"wp-block-file__embed\" data=\"http:\/\/cedaf.fca.unju.edu.ar\/wp-content\/uploads\/la-semilla-no-es-un-objeto.pdf\" type=\"application\/pdf\" style=\"width:100%;height:600px\" aria-label=\"Incrustado de Incrustado de la-semilla-no-es-un-objeto..\"><\/object><a id=\"wp-block-file--media-2e22c303-3db2-4287-968a-9b7a55a37612\" href=\"http:\/\/cedaf.fca.unju.edu.ar\/wp-content\/uploads\/la-semilla-no-es-un-objeto.pdf\">la-semilla-no-es-un-objeto<\/a><a href=\"http:\/\/cedaf.fca.unju.edu.ar\/wp-content\/uploads\/la-semilla-no-es-un-objeto.pdf\" class=\"wp-block-file__button\" download aria-describedby=\"wp-block-file--media-2e22c303-3db2-4287-968a-9b7a55a37612\">Descarga<\/a><\/div>\n\n\n<p><a rel=\"license\" href=\"http:\/\/creativecommons.org\/licenses\/by-nc-sa\/4.0\/\"><img decoding=\"async\" alt=\"Licencia Creative Commons\" style=\"border-width:0\" src=\"https:\/\/i.creativecommons.org\/l\/by-nc-sa\/4.0\/88x31.png\"><\/a><br \/>Esta obra est\u00e1 bajo una <a rel=\"license\" href=\"http:\/\/creativecommons.org\/licenses\/by-nc-sa\/4.0\/\">Licencia Creative Commons Atribuci\u00f3n-NoComercial-CompartirIgual 4.0 Internacional<\/a>.<\/p>\n\n\n\n<figure class=\"wp-block-gallery has-nested-images columns-default is-cropped wp-block-gallery-1 is-layout-flex wp-block-gallery-is-layout-flex\"><\/figure>\n","protected":false},"excerpt":{"rendered":"<p>El acto de separar las semillas y ponerla en alg\u00fan rinc\u00f3n de tierra y su<br \/>\nposterior cuidado, acompa\u00f1\u00f3 al humano durante miles de a\u00f1os. En la medida<br \/>\nque pas\u00f3 el tiempo, fue de alguna manera perfeccion\u00e1ndose esta t\u00e9cnica,<br \/>\nhasta lograr reemplazar el acto de recolecci\u00f3n como principal forma de<br \/>\nconseguir alimento, dando origen a lo que hoy llamamos agricultura.<\/p>\n","protected":false},"author":3,"featured_media":299,"comment_status":"closed","ping_status":"","sticky":false,"template":"","format":"standard","meta":{"footnotes":""},"categories":[7,13,24],"tags":[],"class_list":["post-292","post","type-post","status-publish","format-standard","has-post-thumbnail","hentry","category-biblioteca","category-libros","category-libros-y-tesis"],"_links":{"self":[{"href":"http:\/\/cedaf.fca.unju.edu.ar\/index.php?rest_route=\/wp\/v2\/posts\/292","targetHints":{"allow":["GET"]}}],"collection":[{"href":"http:\/\/cedaf.fca.unju.edu.ar\/index.php?rest_route=\/wp\/v2\/posts"}],"about":[{"href":"http:\/\/cedaf.fca.unju.edu.ar\/index.php?rest_route=\/wp\/v2\/types\/post"}],"author":[{"embeddable":true,"href":"http:\/\/cedaf.fca.unju.edu.ar\/index.php?rest_route=\/wp\/v2\/users\/3"}],"replies":[{"embeddable":true,"href":"http:\/\/cedaf.fca.unju.edu.ar\/index.php?rest_route=%2Fwp%2Fv2%2Fcomments&post=292"}],"version-history":[{"count":3,"href":"http:\/\/cedaf.fca.unju.edu.ar\/index.php?rest_route=\/wp\/v2\/posts\/292\/revisions"}],"predecessor-version":[{"id":298,"href":"http:\/\/cedaf.fca.unju.edu.ar\/index.php?rest_route=\/wp\/v2\/posts\/292\/revisions\/298"}],"wp:featuredmedia":[{"embeddable":true,"href":"http:\/\/cedaf.fca.unju.edu.ar\/index.php?rest_route=\/wp\/v2\/media\/299"}],"wp:attachment":[{"href":"http:\/\/cedaf.fca.unju.edu.ar\/index.php?rest_route=%2Fwp%2Fv2%2Fmedia&parent=292"}],"wp:term":[{"taxonomy":"category","embeddable":true,"href":"http:\/\/cedaf.fca.unju.edu.ar\/index.php?rest_route=%2Fwp%2Fv2%2Fcategories&post=292"},{"taxonomy":"post_tag","embeddable":true,"href":"http:\/\/cedaf.fca.unju.edu.ar\/index.php?rest_route=%2Fwp%2Fv2%2Ftags&post=292"}],"curies":[{"name":"wp","href":"https:\/\/api.w.org\/{rel}","templated":true}]}}