{"id":462,"date":"2015-10-08T10:21:00","date_gmt":"2015-10-08T13:21:00","guid":{"rendered":"http:\/\/cedaf.fca.unju.edu.ar\/?p=462"},"modified":"2022-09-26T10:31:20","modified_gmt":"2022-09-26T13:31:20","slug":"descripcion-de-sistemas-productivos-de-papa-andina-solanum-tuberosum-subsp-andigena-hawkes-con-enfasis-en-el-manejo-de-la-semilla-en-comunidades-de-red-puna-jujuy-argentina-2","status":"publish","type":"post","link":"http:\/\/cedaf.fca.unju.edu.ar\/?p=462","title":{"rendered":"Descripci\u00f3n de sistemas productivos de papa andina (Solanum tuberosum subsp. andigena Hawkes) con \u00e9nfasis en el manejo de la semilla en comunidades de Red Puna, Jujuy. Argentina."},"content":{"rendered":"\n<p>Alvarez S.E.<\/p>\n\n\n\n<p>Centro de Estudios para el Desarrollo de la Agricultura Familiar (CEDAF), Facultad de<br>Ciencias Agrarias, UNJu. susyedit@yahoo.com.ar<\/p>\n\n\n\n<p>V Congreso Latinoamericano de Agroecolog\u00eda. La Plata &#8211; Argentina. 2015<\/p>\n\n\n\n<p><\/p>\n\n\n\n<div data-wp-interactive=\"core\/file\" class=\"wp-block-file\"><object data-wp-bind--hidden=\"!state.hasPdfPreview\" hidden class=\"wp-block-file__embed\" data=\"http:\/\/cedaf.fca.unju.edu.ar\/wp-content\/uploads\/Descripcion-de-sistemas-productivos-de-papa-andina-Solanum.pdf\" type=\"application\/pdf\" style=\"width:100%;height:600px\" aria-label=\"Incrustado de Incrustado de Descripcion-de-sistemas-productivos-de-papa-andina-Solanum..\"><\/object><a id=\"wp-block-file--media-468b7499-51e5-4826-992d-9d4117bc2fed\" href=\"http:\/\/cedaf.fca.unju.edu.ar\/wp-content\/uploads\/Descripcion-de-sistemas-productivos-de-papa-andina-Solanum.pdf\">Descripcion-de-sistemas-productivos-de-papa-andina-Solanum<\/a><a href=\"http:\/\/cedaf.fca.unju.edu.ar\/wp-content\/uploads\/Descripcion-de-sistemas-productivos-de-papa-andina-Solanum.pdf\" class=\"wp-block-file__button\" download aria-describedby=\"wp-block-file--media-468b7499-51e5-4826-992d-9d4117bc2fed\">Descarga<\/a><\/div>\n\n\n<p><a rel=\"license\" href=\"http:\/\/creativecommons.org\/licenses\/by-nc-sa\/4.0\/\"><img decoding=\"async\" alt=\"Licencia Creative Commons\" style=\"border-width:0\" src=\"https:\/\/i.creativecommons.org\/l\/by-nc-sa\/4.0\/88x31.png\"><\/a><br \/>Esta obra est\u00e1 bajo una <a rel=\"license\" href=\"http:\/\/creativecommons.org\/licenses\/by-nc-sa\/4.0\/\">Licencia Creative Commons Atribuci\u00f3n-NoComercial-CompartirIgual 4.0 Internacional<\/a>.<\/p>\n","protected":false},"excerpt":{"rendered":"<p>Fueron objetivos del trabajo describir sistemas productivos de papa andina y analizar su<br \/>\ncompatibilidad con propuestas de transferencia tecnol\u00f3gica de semilla libre de virus (SLV).<br \/>\nSe realizaron entrevistas semiestructuradas al 14,5% de la poblaci\u00f3n. Se efectu\u00f3 miner\u00eda de<br \/>\ndatos, Test x2<br \/>\ny ACM. El 53% combina agricultura con otras actividades rurales, el 73%<br \/>\nincluye trabajo asalariado. El 100 % ocupa mano de obra familiar y\/o comunitaria, realiza<br \/>\npolicultivos y rotaciones; el 11% usa agroqu\u00edmicos. El 47% maneja 3-4 variedades<br \/>\nseleccionadas en funci\u00f3n de: 24% intermediario, 30% autoconsumo, 13% rendimiento y<br \/>\n13% sanidad. El 98% combina el uso de semilla propia con trueque. El 78% no conoce<br \/>\nsobre las SLV. El ACM delimit\u00f3 cuatro grupos que refuerzan la pluralidad de estrategias<br \/>\nvinculadas al manejo de la semilla. Los sistemas descriptos conservan caracter\u00edsticas de<br \/>\na q u e l l o s tradicionales andinos. Propuestas de transferencia de SLV resultar\u00edan<br \/>\nincompatibles en \u00e9ste contexto.<\/p>\n","protected":false},"author":14,"featured_media":453,"comment_status":"closed","ping_status":"","sticky":false,"template":"","format":"standard","meta":{"footnotes":""},"categories":[22,7,17],"tags":[],"class_list":["post-462","post","type-post","status-publish","format-standard","has-post-thumbnail","hentry","category-articulos-completos","category-biblioteca","category-trabajos-cientificos"],"_links":{"self":[{"href":"http:\/\/cedaf.fca.unju.edu.ar\/index.php?rest_route=\/wp\/v2\/posts\/462","targetHints":{"allow":["GET"]}}],"collection":[{"href":"http:\/\/cedaf.fca.unju.edu.ar\/index.php?rest_route=\/wp\/v2\/posts"}],"about":[{"href":"http:\/\/cedaf.fca.unju.edu.ar\/index.php?rest_route=\/wp\/v2\/types\/post"}],"author":[{"embeddable":true,"href":"http:\/\/cedaf.fca.unju.edu.ar\/index.php?rest_route=\/wp\/v2\/users\/14"}],"replies":[{"embeddable":true,"href":"http:\/\/cedaf.fca.unju.edu.ar\/index.php?rest_route=%2Fwp%2Fv2%2Fcomments&post=462"}],"version-history":[{"count":1,"href":"http:\/\/cedaf.fca.unju.edu.ar\/index.php?rest_route=\/wp\/v2\/posts\/462\/revisions"}],"predecessor-version":[{"id":469,"href":"http:\/\/cedaf.fca.unju.edu.ar\/index.php?rest_route=\/wp\/v2\/posts\/462\/revisions\/469"}],"wp:featuredmedia":[{"embeddable":true,"href":"http:\/\/cedaf.fca.unju.edu.ar\/index.php?rest_route=\/wp\/v2\/media\/453"}],"wp:attachment":[{"href":"http:\/\/cedaf.fca.unju.edu.ar\/index.php?rest_route=%2Fwp%2Fv2%2Fmedia&parent=462"}],"wp:term":[{"taxonomy":"category","embeddable":true,"href":"http:\/\/cedaf.fca.unju.edu.ar\/index.php?rest_route=%2Fwp%2Fv2%2Fcategories&post=462"},{"taxonomy":"post_tag","embeddable":true,"href":"http:\/\/cedaf.fca.unju.edu.ar\/index.php?rest_route=%2Fwp%2Fv2%2Ftags&post=462"}],"curies":[{"name":"wp","href":"https:\/\/api.w.org\/{rel}","templated":true}]}}