{"id":503,"date":"2012-08-27T18:07:00","date_gmt":"2012-08-27T21:07:00","guid":{"rendered":"http:\/\/cedaf.fca.unju.edu.ar\/?p=503"},"modified":"2022-10-08T16:47:46","modified_gmt":"2022-10-08T19:47:46","slug":"de-sierto-verde","status":"publish","type":"post","link":"http:\/\/cedaf.fca.unju.edu.ar\/?p=503","title":{"rendered":"De-sierto-verde"},"content":{"rendered":"\n<p>Desarrollo rural, saberes campesinos y tecnolog\u00edas<br>Preguntas y reflexiones desde una \u201crealidad local\u201d para aportar a un debate sobre una contrarrevoluci\u00f3n verde.<\/p>\n\n\n\n<p>Mg. Ing. Agr. Mario C\u00e9sar Bonillo<\/p>\n\n\n\n<div data-wp-interactive=\"core\/file\" class=\"wp-block-file\"><object data-wp-bind--hidden=\"!state.hasPdfPreview\" hidden class=\"wp-block-file__embed\" data=\"http:\/\/cedaf.fca.unju.edu.ar\/wp-content\/uploads\/De-sierto-verde.pdf\" type=\"application\/pdf\" style=\"width:100%;height:600px\" aria-label=\"Incrustado de Incrustado de De-sierto-verde..\"><\/object><a id=\"wp-block-file--media-492d6976-f95b-4845-ad87-fa7b4a884973\" href=\"http:\/\/cedaf.fca.unju.edu.ar\/wp-content\/uploads\/De-sierto-verde.pdf\">De-sierto-verde<\/a><a href=\"http:\/\/cedaf.fca.unju.edu.ar\/wp-content\/uploads\/De-sierto-verde.pdf\" class=\"wp-block-file__button\" download aria-describedby=\"wp-block-file--media-492d6976-f95b-4845-ad87-fa7b4a884973\">Descarga<\/a><\/div>\n\n\n<p><a rel=\"license\" href=\"http:\/\/creativecommons.org\/licenses\/by-nc-sa\/4.0\/\"><img decoding=\"async\" alt=\"Licencia Creative Commons\" style=\"border-width:0\" src=\"https:\/\/i.creativecommons.org\/l\/by-nc-sa\/4.0\/88x31.png\"><\/a><br \/>Esta obra est\u00e1 bajo una <a rel=\"license\" href=\"http:\/\/creativecommons.org\/licenses\/by-nc-sa\/4.0\/\">Licencia Creative Commons Atribuci\u00f3n-NoComercial-CompartirIgual 4.0 Internacional<\/a>.<\/p>\n","protected":false},"excerpt":{"rendered":"<p>El presente libro nos invita a reflexionar sobre la necesidad de desnaturalizar aquello que aparece como dado, aquello de lo que no se habla cuando se habla de desarrollo. Un desarrollo vertical, indiferente a las particularidades culturales de cada pa\u00eds, arrogante en su manera de plantear que el \u00abconocimiento\u00bb procede del norte, de los pa\u00edses enriquecidos, o de las clases \u00abilustradas\u00bb en cada pa\u00eds, como lo plantea Alfonso Dagron.<br \/>\nResulta una herramienta sumamente \u00fatil para la elaboraci\u00f3n de diagn\u00f3sticos que recuperen la trama cultural en el proceso de visibilidad de las distintas subjetividades que se encuentran presentes en el territorio.<\/p>\n","protected":false},"author":3,"featured_media":504,"comment_status":"closed","ping_status":"","sticky":false,"template":"","format":"standard","meta":{"footnotes":""},"categories":[7,13,24],"tags":[],"class_list":["post-503","post","type-post","status-publish","format-standard","has-post-thumbnail","hentry","category-biblioteca","category-libros","category-libros-y-tesis"],"_links":{"self":[{"href":"http:\/\/cedaf.fca.unju.edu.ar\/index.php?rest_route=\/wp\/v2\/posts\/503","targetHints":{"allow":["GET"]}}],"collection":[{"href":"http:\/\/cedaf.fca.unju.edu.ar\/index.php?rest_route=\/wp\/v2\/posts"}],"about":[{"href":"http:\/\/cedaf.fca.unju.edu.ar\/index.php?rest_route=\/wp\/v2\/types\/post"}],"author":[{"embeddable":true,"href":"http:\/\/cedaf.fca.unju.edu.ar\/index.php?rest_route=\/wp\/v2\/users\/3"}],"replies":[{"embeddable":true,"href":"http:\/\/cedaf.fca.unju.edu.ar\/index.php?rest_route=%2Fwp%2Fv2%2Fcomments&post=503"}],"version-history":[{"count":2,"href":"http:\/\/cedaf.fca.unju.edu.ar\/index.php?rest_route=\/wp\/v2\/posts\/503\/revisions"}],"predecessor-version":[{"id":560,"href":"http:\/\/cedaf.fca.unju.edu.ar\/index.php?rest_route=\/wp\/v2\/posts\/503\/revisions\/560"}],"wp:featuredmedia":[{"embeddable":true,"href":"http:\/\/cedaf.fca.unju.edu.ar\/index.php?rest_route=\/wp\/v2\/media\/504"}],"wp:attachment":[{"href":"http:\/\/cedaf.fca.unju.edu.ar\/index.php?rest_route=%2Fwp%2Fv2%2Fmedia&parent=503"}],"wp:term":[{"taxonomy":"category","embeddable":true,"href":"http:\/\/cedaf.fca.unju.edu.ar\/index.php?rest_route=%2Fwp%2Fv2%2Fcategories&post=503"},{"taxonomy":"post_tag","embeddable":true,"href":"http:\/\/cedaf.fca.unju.edu.ar\/index.php?rest_route=%2Fwp%2Fv2%2Ftags&post=503"}],"curies":[{"name":"wp","href":"https:\/\/api.w.org\/{rel}","templated":true}]}}