{"id":751,"date":"2025-06-05T19:00:00","date_gmt":"2025-06-05T22:00:00","guid":{"rendered":"http:\/\/cedaf.fca.unju.edu.ar\/?p=751"},"modified":"2025-07-01T12:13:55","modified_gmt":"2025-07-01T15:13:55","slug":"taller-suelo-sano-personas-sanas","status":"publish","type":"post","link":"http:\/\/cedaf.fca.unju.edu.ar\/?p=751","title":{"rendered":"Taller: &#8220;Suelo sano, personas sanas&#8221;"},"content":{"rendered":"\n<h2 class=\"wp-block-heading\">\u201cSuelo Sano, Persona Sana\u201d: estudiantes juje\u00f1os reflexionan sobre el cuidado del ambiente<\/h2>\n\n\n\n<p>En el marco de una serie de talleres que se desarrollan en distintos establecimientos educativos de la provincia, la Facultad de Ciencias Agrarias de la Universidad Nacional de Jujuy (UNJu), a trav\u00e9s del Centro de Desarrollo para la Agricultura Familiar (CEDAF), llev\u00f3 adelante en San Antonio la actividad \u201cSuelo Sano, Persona Sana\u201d.<\/p>\n\n\n<div class=\"wp-block-image\">\n<figure class=\"aligncenter size-large is-resized\"><img loading=\"lazy\" decoding=\"async\" width=\"1024\" height=\"1024\" src=\"http:\/\/cedaf.fca.unju.edu.ar\/wp-content\/uploads\/WhatsApp-Image-2025-06-06-at-9.50.01-AM-1-1024x1024.jpeg\" alt=\"\" class=\"wp-image-754\" style=\"width:813px;height:auto\" srcset=\"http:\/\/cedaf.fca.unju.edu.ar\/wp-content\/uploads\/WhatsApp-Image-2025-06-06-at-9.50.01-AM-1-1024x1024.jpeg 1024w, http:\/\/cedaf.fca.unju.edu.ar\/wp-content\/uploads\/WhatsApp-Image-2025-06-06-at-9.50.01-AM-1-300x300.jpeg 300w, http:\/\/cedaf.fca.unju.edu.ar\/wp-content\/uploads\/WhatsApp-Image-2025-06-06-at-9.50.01-AM-1-150x150.jpeg 150w, http:\/\/cedaf.fca.unju.edu.ar\/wp-content\/uploads\/WhatsApp-Image-2025-06-06-at-9.50.01-AM-1-768x768.jpeg 768w, http:\/\/cedaf.fca.unju.edu.ar\/wp-content\/uploads\/WhatsApp-Image-2025-06-06-at-9.50.01-AM-1.jpeg 1080w\" sizes=\"auto, (max-width: 1024px) 100vw, 1024px\" \/><\/figure>\n<\/div>\n\n\n<p>La iniciativa, destinada a estudiantes del nivel medio, convoc\u00f3 a cerca de 70 j\u00f3venes del Bachillerato N\u00b017 de la ciudad de San Antonio, con el objetivo de promover la reflexi\u00f3n en torno a la importancia del suelo en la producci\u00f3n de alimentos saludables y su relaci\u00f3n directa con el bienestar humano.<\/p>\n\n\n\n<p>Durante la jornada, se abordaron conceptos vinculados a la agricultura sostenible, la salud del ecosistema y el rol de las nuevas generaciones en la protecci\u00f3n del medioambiente. El taller, que forma parte de una propuesta itinerante por diversos colegios juje\u00f1os, busca reforzar el compromiso estudiantil con pr\u00e1cticas responsables y sustentables.<\/p>\n\n\n\n<p>Este ciclo de actividades apuesta a generar conciencia ambiental desde las aulas, fortaleciendo el v\u00ednculo entre el entorno natural y la calidad de vida de las comunidades.<\/p>\n\n\n\n<p>Todas estas actividades se enmarcan en las acciones de promoci\u00f3n y difusi\u00f3n del 4\u00b0 Congreso Argentino de Agroecolog\u00eda, que tendr\u00e1 como sede a la provincia de Jujuy los d\u00edas 12, 13 y 14 del mes de Noviembre. Este importante evento reunir\u00e1 a especialistas, productores, educadores y estudiantes de todo el pa\u00eds para intercambiar saberes y fortalecer pr\u00e1cticas agroecol\u00f3gicas que impulsen un modelo de desarrollo sustentable y justo para nuestras comunidades.<\/p>\n\n\n<div class=\"wp-block-image\">\n<figure class=\"alignleft size-large is-resized\"><img loading=\"lazy\" decoding=\"async\" width=\"1024\" height=\"1024\" src=\"http:\/\/cedaf.fca.unju.edu.ar\/wp-content\/uploads\/WhatsApp-Image-2025-06-06-at-9.50.01-AM-1024x1024.jpeg\" alt=\"\" class=\"wp-image-755\" style=\"width:325px;height:auto\" srcset=\"http:\/\/cedaf.fca.unju.edu.ar\/wp-content\/uploads\/WhatsApp-Image-2025-06-06-at-9.50.01-AM-1024x1024.jpeg 1024w, http:\/\/cedaf.fca.unju.edu.ar\/wp-content\/uploads\/WhatsApp-Image-2025-06-06-at-9.50.01-AM-300x300.jpeg 300w, http:\/\/cedaf.fca.unju.edu.ar\/wp-content\/uploads\/WhatsApp-Image-2025-06-06-at-9.50.01-AM-150x150.jpeg 150w, http:\/\/cedaf.fca.unju.edu.ar\/wp-content\/uploads\/WhatsApp-Image-2025-06-06-at-9.50.01-AM-768x768.jpeg 768w, http:\/\/cedaf.fca.unju.edu.ar\/wp-content\/uploads\/WhatsApp-Image-2025-06-06-at-9.50.01-AM.jpeg 1080w\" sizes=\"auto, (max-width: 1024px) 100vw, 1024px\" \/><\/figure>\n<\/div>\n\n\n<figure class=\"wp-block-image size-large is-resized\"><img loading=\"lazy\" decoding=\"async\" width=\"1024\" height=\"1024\" src=\"http:\/\/cedaf.fca.unju.edu.ar\/wp-content\/uploads\/WhatsApp-Image-2025-06-06-at-9.50.02-AM-1-1024x1024.jpeg\" alt=\"\" class=\"wp-image-752\" style=\"width:326px;height:auto\" srcset=\"http:\/\/cedaf.fca.unju.edu.ar\/wp-content\/uploads\/WhatsApp-Image-2025-06-06-at-9.50.02-AM-1-1024x1024.jpeg 1024w, http:\/\/cedaf.fca.unju.edu.ar\/wp-content\/uploads\/WhatsApp-Image-2025-06-06-at-9.50.02-AM-1-300x300.jpeg 300w, http:\/\/cedaf.fca.unju.edu.ar\/wp-content\/uploads\/WhatsApp-Image-2025-06-06-at-9.50.02-AM-1-150x150.jpeg 150w, http:\/\/cedaf.fca.unju.edu.ar\/wp-content\/uploads\/WhatsApp-Image-2025-06-06-at-9.50.02-AM-1-768x768.jpeg 768w, http:\/\/cedaf.fca.unju.edu.ar\/wp-content\/uploads\/WhatsApp-Image-2025-06-06-at-9.50.02-AM-1.jpeg 1080w\" sizes=\"auto, (max-width: 1024px) 100vw, 1024px\" \/><\/figure>\n\n\n\n<figure class=\"wp-block-image size-large is-resized\"><img loading=\"lazy\" decoding=\"async\" width=\"1024\" height=\"1024\" src=\"http:\/\/cedaf.fca.unju.edu.ar\/wp-content\/uploads\/WhatsApp-Image-2025-06-06-at-9.50.00-AM-1024x1024.jpeg\" alt=\"\" class=\"wp-image-756\" style=\"width:323px;height:auto\" srcset=\"http:\/\/cedaf.fca.unju.edu.ar\/wp-content\/uploads\/WhatsApp-Image-2025-06-06-at-9.50.00-AM-1024x1024.jpeg 1024w, http:\/\/cedaf.fca.unju.edu.ar\/wp-content\/uploads\/WhatsApp-Image-2025-06-06-at-9.50.00-AM-300x300.jpeg 300w, http:\/\/cedaf.fca.unju.edu.ar\/wp-content\/uploads\/WhatsApp-Image-2025-06-06-at-9.50.00-AM-150x150.jpeg 150w, http:\/\/cedaf.fca.unju.edu.ar\/wp-content\/uploads\/WhatsApp-Image-2025-06-06-at-9.50.00-AM-768x768.jpeg 768w, http:\/\/cedaf.fca.unju.edu.ar\/wp-content\/uploads\/WhatsApp-Image-2025-06-06-at-9.50.00-AM.jpeg 1080w\" sizes=\"auto, (max-width: 1024px) 100vw, 1024px\" \/><\/figure>\n\n\n\n<figure class=\"wp-block-image size-large is-resized\"><img loading=\"lazy\" decoding=\"async\" width=\"1024\" height=\"1024\" src=\"http:\/\/cedaf.fca.unju.edu.ar\/wp-content\/uploads\/WhatsApp-Image-2025-06-06-at-9.50.02-AM-1024x1024.jpeg\" alt=\"\" class=\"wp-image-753\" style=\"width:324px;height:auto\" srcset=\"http:\/\/cedaf.fca.unju.edu.ar\/wp-content\/uploads\/WhatsApp-Image-2025-06-06-at-9.50.02-AM-1024x1024.jpeg 1024w, http:\/\/cedaf.fca.unju.edu.ar\/wp-content\/uploads\/WhatsApp-Image-2025-06-06-at-9.50.02-AM-300x300.jpeg 300w, http:\/\/cedaf.fca.unju.edu.ar\/wp-content\/uploads\/WhatsApp-Image-2025-06-06-at-9.50.02-AM-150x150.jpeg 150w, http:\/\/cedaf.fca.unju.edu.ar\/wp-content\/uploads\/WhatsApp-Image-2025-06-06-at-9.50.02-AM-768x768.jpeg 768w, http:\/\/cedaf.fca.unju.edu.ar\/wp-content\/uploads\/WhatsApp-Image-2025-06-06-at-9.50.02-AM.jpeg 1080w\" sizes=\"auto, (max-width: 1024px) 100vw, 1024px\" \/><\/figure>\n\n\n\n<p><\/p>\n","protected":false},"excerpt":{"rendered":"<p>\u201cSuelo Sano, Persona Sana\u201d: estudiantes juje\u00f1os reflexionan sobre el cuidado del ambiente En el marco de una serie de talleres que se desarrollan en distintos establecimientos educativos de la provincia, la Facultad de Ciencias Agrarias de la Universidad Nacional de Jujuy (UNJu), a trav\u00e9s del Centro de Desarrollo para la Agricultura Familiar (CEDAF), llev\u00f3 adelante [&hellip;]<\/p>\n","protected":false},"author":10,"featured_media":754,"comment_status":"closed","ping_status":"","sticky":false,"template":"","format":"standard","meta":{"footnotes":""},"categories":[5,19,6],"tags":[],"class_list":["post-751","post","type-post","status-publish","format-standard","has-post-thumbnail","hentry","category-cursos","category-imagenes","category-livta"],"_links":{"self":[{"href":"http:\/\/cedaf.fca.unju.edu.ar\/index.php?rest_route=\/wp\/v2\/posts\/751","targetHints":{"allow":["GET"]}}],"collection":[{"href":"http:\/\/cedaf.fca.unju.edu.ar\/index.php?rest_route=\/wp\/v2\/posts"}],"about":[{"href":"http:\/\/cedaf.fca.unju.edu.ar\/index.php?rest_route=\/wp\/v2\/types\/post"}],"author":[{"embeddable":true,"href":"http:\/\/cedaf.fca.unju.edu.ar\/index.php?rest_route=\/wp\/v2\/users\/10"}],"replies":[{"embeddable":true,"href":"http:\/\/cedaf.fca.unju.edu.ar\/index.php?rest_route=%2Fwp%2Fv2%2Fcomments&post=751"}],"version-history":[{"count":4,"href":"http:\/\/cedaf.fca.unju.edu.ar\/index.php?rest_route=\/wp\/v2\/posts\/751\/revisions"}],"predecessor-version":[{"id":762,"href":"http:\/\/cedaf.fca.unju.edu.ar\/index.php?rest_route=\/wp\/v2\/posts\/751\/revisions\/762"}],"wp:featuredmedia":[{"embeddable":true,"href":"http:\/\/cedaf.fca.unju.edu.ar\/index.php?rest_route=\/wp\/v2\/media\/754"}],"wp:attachment":[{"href":"http:\/\/cedaf.fca.unju.edu.ar\/index.php?rest_route=%2Fwp%2Fv2%2Fmedia&parent=751"}],"wp:term":[{"taxonomy":"category","embeddable":true,"href":"http:\/\/cedaf.fca.unju.edu.ar\/index.php?rest_route=%2Fwp%2Fv2%2Fcategories&post=751"},{"taxonomy":"post_tag","embeddable":true,"href":"http:\/\/cedaf.fca.unju.edu.ar\/index.php?rest_route=%2Fwp%2Fv2%2Ftags&post=751"}],"curies":[{"name":"wp","href":"https:\/\/api.w.org\/{rel}","templated":true}]}}