{"id":763,"date":"2024-10-25T20:00:00","date_gmt":"2024-10-25T23:00:00","guid":{"rendered":"http:\/\/cedaf.fca.unju.edu.ar\/?p=763"},"modified":"2025-07-01T15:15:20","modified_gmt":"2025-07-01T18:15:20","slug":"participacion-destacada-de-livta-cedaf-en-el-x-congreso-latinoamericano-de-agroecologia-paraguay-2024","status":"publish","type":"post","link":"http:\/\/cedaf.fca.unju.edu.ar\/?p=763","title":{"rendered":"Participaci\u00f3n destacada de LIVTA CEDAF en el X Congreso Latinoamericano de Agroecolog\u00eda \u2013 Paraguay 2024"},"content":{"rendered":"\n<p>Entre los d\u00edas <strong>23 y 25 de octubre de 2024<\/strong>, el &nbsp;LIVTA CEDAF particip\u00f3 activamente del <strong>X Congreso Latinoamericano de Agroecolog\u00eda<\/strong>, celebrado en el campus de la Universidad Nacional de Asunci\u00f3n (UNA), en <strong>San Lorenzo, Paraguay<\/strong>. Este evento, organizado por la <strong>Sociedad Cient\u00edfica Latinoamericana de Agroecolog\u00eda (SOCLA)<\/strong>, reuni\u00f3 a representantes de m\u00e1s de 20 pa\u00edses, consolid\u00e1ndose como uno de los encuentros m\u00e1s importantes de la regi\u00f3n en torno a la construcci\u00f3n de saberes y pr\u00e1cticas agroecol\u00f3gicas.<\/p>\n\n\n\n<p>Con el lema <em>\u201cCultura y recreaci\u00f3n de saberes agroecol\u00f3gicos: Vinculando las comunidades para el fortalecimiento de territorios resilientes\u201d<\/em>, el congreso propuso un espacio de di\u00e1logo intercultural entre campesinos, pueblos originarios, investigadores, estudiantes y t\u00e9cnicos, fomentando la articulaci\u00f3n entre el conocimiento acad\u00e9mico y los saberes territoriales.<\/p>\n\n\n\n<figure class=\"wp-block-image size-large\"><img loading=\"lazy\" decoding=\"async\" width=\"1024\" height=\"786\" src=\"http:\/\/cedaf.fca.unju.edu.ar\/wp-content\/uploads\/WhatsApp-Image-2025-07-01-at-11.07.31-AM-1024x786.jpeg\" alt=\"\" class=\"wp-image-766\" srcset=\"http:\/\/cedaf.fca.unju.edu.ar\/wp-content\/uploads\/WhatsApp-Image-2025-07-01-at-11.07.31-AM-1024x786.jpeg 1024w, http:\/\/cedaf.fca.unju.edu.ar\/wp-content\/uploads\/WhatsApp-Image-2025-07-01-at-11.07.31-AM-300x230.jpeg 300w, http:\/\/cedaf.fca.unju.edu.ar\/wp-content\/uploads\/WhatsApp-Image-2025-07-01-at-11.07.31-AM-768x589.jpeg 768w, http:\/\/cedaf.fca.unju.edu.ar\/wp-content\/uploads\/WhatsApp-Image-2025-07-01-at-11.07.31-AM-1536x1179.jpeg 1536w, http:\/\/cedaf.fca.unju.edu.ar\/wp-content\/uploads\/WhatsApp-Image-2025-07-01-at-11.07.31-AM-2048x1572.jpeg 2048w\" sizes=\"auto, (max-width: 1024px) 100vw, 1024px\" \/><\/figure>\n\n\n\n<p>Entre sus objetivos se destacaron:<\/p>\n\n\n\n<ul class=\"wp-block-list\">\n<li>Promover la agroecolog\u00eda como estrategia integral para la sustentabilidad de los sistemas alimentarios y los territorios.<\/li>\n\n\n\n<li>Fortalecer redes de colaboraci\u00f3n entre actores sociales y acad\u00e9micos de Am\u00e9rica Latina.<\/li>\n\n\n\n<li>Impulsar procesos de investigaci\u00f3n-acci\u00f3n participativa y educaci\u00f3n popular agroecol\u00f3gica.<\/li>\n\n\n\n<li>Visibilizar experiencias concretas de transformaci\u00f3n desde la agroecolog\u00eda en dimensiones sociales, culturales, pol\u00edticas, econ\u00f3micas y ecol\u00f3gicas.<\/li>\n<\/ul>\n\n\n\n<p>En representaci\u00f3n de LIVTA CEDAF perteneciente a la Facultad de Ciencias Agrarias &#8211; UNJu participaron:<\/p>\n\n\n\n<ul class=\"wp-block-list\">\n<li><strong>Ing. Agr. Paola Saiquita<\/strong>, presentando el trabajo titulado <em>\u201cAislamiento de cepas de Trichoderma spp. de suelos juje\u00f1os, efecto antagonista frente a fusarium spp\u201d<\/em>.<\/li>\n\n\n\n<li><strong>Ing. Agr. Emanuel Garc\u00eda<\/strong>, con la exposici\u00f3n de su trabajo <em>\u201cEvaluaci\u00f3n de la inocuidad microbiol\u00f3gica de dos biopreparados con material compostado. Jujuy, Argentina\u201d<\/em>.<\/li>\n<\/ul>\n\n\n\n<div class=\"wp-block-group\"><div class=\"wp-block-group__inner-container is-layout-constrained wp-block-group-is-layout-constrained\">\n<div class=\"wp-block-group\"><div class=\"wp-block-group__inner-container is-layout-constrained wp-block-group-is-layout-constrained\">\n<figure class=\"wp-block-image size-large is-resized\"><img loading=\"lazy\" decoding=\"async\" width=\"808\" height=\"1024\" src=\"http:\/\/cedaf.fca.unju.edu.ar\/wp-content\/uploads\/WhatsApp-Image-2025-07-01-at-10.31.36-AM-1-1-808x1024.jpeg\" alt=\"\" class=\"wp-image-770\" style=\"width:207px;height:auto\" srcset=\"http:\/\/cedaf.fca.unju.edu.ar\/wp-content\/uploads\/WhatsApp-Image-2025-07-01-at-10.31.36-AM-1-1-808x1024.jpeg 808w, http:\/\/cedaf.fca.unju.edu.ar\/wp-content\/uploads\/WhatsApp-Image-2025-07-01-at-10.31.36-AM-1-1-237x300.jpeg 237w, http:\/\/cedaf.fca.unju.edu.ar\/wp-content\/uploads\/WhatsApp-Image-2025-07-01-at-10.31.36-AM-1-1-768x973.jpeg 768w, http:\/\/cedaf.fca.unju.edu.ar\/wp-content\/uploads\/WhatsApp-Image-2025-07-01-at-10.31.36-AM-1-1.jpeg 900w\" sizes=\"auto, (max-width: 808px) 100vw, 808px\" \/><\/figure>\n\n\n\n<figure class=\"wp-block-image size-large is-resized\"><img loading=\"lazy\" decoding=\"async\" width=\"824\" height=\"1024\" src=\"http:\/\/cedaf.fca.unju.edu.ar\/wp-content\/uploads\/WhatsApp-Image-2025-07-01-at-11.00.37-AM-824x1024.jpeg\" alt=\"\" class=\"wp-image-769\" style=\"width:207px;height:auto\" srcset=\"http:\/\/cedaf.fca.unju.edu.ar\/wp-content\/uploads\/WhatsApp-Image-2025-07-01-at-11.00.37-AM-824x1024.jpeg 824w, http:\/\/cedaf.fca.unju.edu.ar\/wp-content\/uploads\/WhatsApp-Image-2025-07-01-at-11.00.37-AM-241x300.jpeg 241w, http:\/\/cedaf.fca.unju.edu.ar\/wp-content\/uploads\/WhatsApp-Image-2025-07-01-at-11.00.37-AM-768x955.jpeg 768w, http:\/\/cedaf.fca.unju.edu.ar\/wp-content\/uploads\/WhatsApp-Image-2025-07-01-at-11.00.37-AM-1235x1536.jpeg 1235w, http:\/\/cedaf.fca.unju.edu.ar\/wp-content\/uploads\/WhatsApp-Image-2025-07-01-at-11.00.37-AM-1647x2048.jpeg 1647w\" sizes=\"auto, (max-width: 824px) 100vw, 824px\" \/><\/figure>\n<\/div><\/div>\n<\/div><\/div>\n\n\n\n<p>Ambas ponencias contribuyeron al intercambio de experiencias y saberes comprometidos con la transformaci\u00f3n agroecol\u00f3gica, fortaleciendo el papel de LIVTA &#8211; CEDAF como referente t\u00e9cnico y educativo en la construcci\u00f3n de una agricultura diversa, soberana y sostenible.<\/p>\n\n\n\n<figure class=\"wp-block-image size-large is-resized\"><img loading=\"lazy\" decoding=\"async\" width=\"942\" height=\"1024\" src=\"http:\/\/cedaf.fca.unju.edu.ar\/wp-content\/uploads\/WhatsApp-Image-2025-07-01-at-11.03.05-AM-942x1024.jpeg\" alt=\"\" class=\"wp-image-768\" style=\"width:380px;height:auto\" srcset=\"http:\/\/cedaf.fca.unju.edu.ar\/wp-content\/uploads\/WhatsApp-Image-2025-07-01-at-11.03.05-AM-942x1024.jpeg 942w, http:\/\/cedaf.fca.unju.edu.ar\/wp-content\/uploads\/WhatsApp-Image-2025-07-01-at-11.03.05-AM-276x300.jpeg 276w, http:\/\/cedaf.fca.unju.edu.ar\/wp-content\/uploads\/WhatsApp-Image-2025-07-01-at-11.03.05-AM-768x835.jpeg 768w, http:\/\/cedaf.fca.unju.edu.ar\/wp-content\/uploads\/WhatsApp-Image-2025-07-01-at-11.03.05-AM.jpeg 1148w\" sizes=\"auto, (max-width: 942px) 100vw, 942px\" \/><\/figure>\n\n\n\n<figure class=\"wp-block-image size-large is-resized\"><img loading=\"lazy\" decoding=\"async\" width=\"709\" height=\"1024\" src=\"http:\/\/cedaf.fca.unju.edu.ar\/wp-content\/uploads\/WhatsApp-Image-2025-07-01-at-11.05.27-AM-709x1024.jpeg\" alt=\"\" class=\"wp-image-767\" style=\"width:377px;height:auto\" srcset=\"http:\/\/cedaf.fca.unju.edu.ar\/wp-content\/uploads\/WhatsApp-Image-2025-07-01-at-11.05.27-AM-709x1024.jpeg 709w, http:\/\/cedaf.fca.unju.edu.ar\/wp-content\/uploads\/WhatsApp-Image-2025-07-01-at-11.05.27-AM-208x300.jpeg 208w, http:\/\/cedaf.fca.unju.edu.ar\/wp-content\/uploads\/WhatsApp-Image-2025-07-01-at-11.05.27-AM-768x1109.jpeg 768w, http:\/\/cedaf.fca.unju.edu.ar\/wp-content\/uploads\/WhatsApp-Image-2025-07-01-at-11.05.27-AM-1064x1536.jpeg 1064w, http:\/\/cedaf.fca.unju.edu.ar\/wp-content\/uploads\/WhatsApp-Image-2025-07-01-at-11.05.27-AM-1418x2048.jpeg 1418w, http:\/\/cedaf.fca.unju.edu.ar\/wp-content\/uploads\/WhatsApp-Image-2025-07-01-at-11.05.27-AM-scaled.jpeg 1773w\" sizes=\"auto, (max-width: 709px) 100vw, 709px\" \/><\/figure>\n","protected":false},"excerpt":{"rendered":"<p>Entre los d\u00edas 23 y 25 de octubre de 2024, el &nbsp;LIVTA CEDAF particip\u00f3 activamente del X Congreso Latinoamericano de Agroecolog\u00eda, celebrado en el campus de la Universidad Nacional de Asunci\u00f3n (UNA), en San Lorenzo, Paraguay. Este evento, organizado por la Sociedad Cient\u00edfica Latinoamericana de Agroecolog\u00eda (SOCLA), reuni\u00f3 a representantes de m\u00e1s de 20 pa\u00edses, [&hellip;]<\/p>\n","protected":false},"author":10,"featured_media":766,"comment_status":"closed","ping_status":"","sticky":false,"template":"","format":"standard","meta":{"footnotes":""},"categories":[6,12,4],"tags":[],"class_list":["post-763","post","type-post","status-publish","format-standard","has-post-thumbnail","hentry","category-livta","category-nosotros","category-proyectos"],"_links":{"self":[{"href":"http:\/\/cedaf.fca.unju.edu.ar\/index.php?rest_route=\/wp\/v2\/posts\/763","targetHints":{"allow":["GET"]}}],"collection":[{"href":"http:\/\/cedaf.fca.unju.edu.ar\/index.php?rest_route=\/wp\/v2\/posts"}],"about":[{"href":"http:\/\/cedaf.fca.unju.edu.ar\/index.php?rest_route=\/wp\/v2\/types\/post"}],"author":[{"embeddable":true,"href":"http:\/\/cedaf.fca.unju.edu.ar\/index.php?rest_route=\/wp\/v2\/users\/10"}],"replies":[{"embeddable":true,"href":"http:\/\/cedaf.fca.unju.edu.ar\/index.php?rest_route=%2Fwp%2Fv2%2Fcomments&post=763"}],"version-history":[{"count":4,"href":"http:\/\/cedaf.fca.unju.edu.ar\/index.php?rest_route=\/wp\/v2\/posts\/763\/revisions"}],"predecessor-version":[{"id":798,"href":"http:\/\/cedaf.fca.unju.edu.ar\/index.php?rest_route=\/wp\/v2\/posts\/763\/revisions\/798"}],"wp:featuredmedia":[{"embeddable":true,"href":"http:\/\/cedaf.fca.unju.edu.ar\/index.php?rest_route=\/wp\/v2\/media\/766"}],"wp:attachment":[{"href":"http:\/\/cedaf.fca.unju.edu.ar\/index.php?rest_route=%2Fwp%2Fv2%2Fmedia&parent=763"}],"wp:term":[{"taxonomy":"category","embeddable":true,"href":"http:\/\/cedaf.fca.unju.edu.ar\/index.php?rest_route=%2Fwp%2Fv2%2Fcategories&post=763"},{"taxonomy":"post_tag","embeddable":true,"href":"http:\/\/cedaf.fca.unju.edu.ar\/index.php?rest_route=%2Fwp%2Fv2%2Ftags&post=763"}],"curies":[{"name":"wp","href":"https:\/\/api.w.org\/{rel}","templated":true}]}}