{"id":774,"date":"2025-07-01T12:11:26","date_gmt":"2025-07-01T15:11:26","guid":{"rendered":"http:\/\/cedaf.fca.unju.edu.ar\/?p=774"},"modified":"2025-07-01T15:16:10","modified_gmt":"2025-07-01T18:16:10","slug":"investigadores-del-livta-cedaf-seran-protagonistas-en-el-iv-congreso-argentino-de-agroecologia","status":"publish","type":"post","link":"http:\/\/cedaf.fca.unju.edu.ar\/?p=774","title":{"rendered":"Investigadores del LIVTA CEDAF ser\u00e1n protagonistas en el IV Congreso Argentino de Agroecolog\u00eda"},"content":{"rendered":"\n<p>Del <strong>12 al 14 de noviembre de 2025<\/strong>, la ciudad de <strong>San Salvador de Jujuy<\/strong> ser\u00e1 sede del <strong>IV Congreso Argentino de Agroecolog\u00eda<\/strong>, organizado por la Sociedad Argentina de Agroecolog\u00eda (SAAE). Bajo el lema <em>\u201cTejiendo redes entre ciencia y tradici\u00f3n al abrigo de la Pachamama\u201d<\/em>, el evento reunir\u00e1 a productores\/as, investigadores\/as, educadores\/as y comunidades rurales de todo el pa\u00eds con el prop\u00f3sito de fortalecer el di\u00e1logo de saberes, la ciencia comprometida y los territorios que resisten y se transforman desde la agroecolog\u00eda.<\/p>\n\n\n\n<p>\ud83d\udce2 En este contexto, el <strong>LIVTA &#8211; CEDAF<\/strong> participar\u00e1 activamente a trav\u00e9s de la presentaci\u00f3n de diversos trabajos por parte de sus investigadoras\/es, quienes compartir\u00e1n experiencias, resultados e iniciativas vinculadas a la producci\u00f3n sustentable, el uso de bioinsumos, el protagonismo comunitario y las pr\u00e1cticas agroecol\u00f3gicas en entornos diversos.<\/p>\n\n\n\n<figure class=\"wp-block-image size-large\"><img loading=\"lazy\" decoding=\"async\" width=\"1024\" height=\"627\" src=\"http:\/\/cedaf.fca.unju.edu.ar\/wp-content\/uploads\/WhatsApp-Image-2025-07-01-at-11.51.56-AM-1024x627.jpeg\" alt=\"\" class=\"wp-image-777\" srcset=\"http:\/\/cedaf.fca.unju.edu.ar\/wp-content\/uploads\/WhatsApp-Image-2025-07-01-at-11.51.56-AM-1024x627.jpeg 1024w, http:\/\/cedaf.fca.unju.edu.ar\/wp-content\/uploads\/WhatsApp-Image-2025-07-01-at-11.51.56-AM-300x184.jpeg 300w, http:\/\/cedaf.fca.unju.edu.ar\/wp-content\/uploads\/WhatsApp-Image-2025-07-01-at-11.51.56-AM-768x470.jpeg 768w, http:\/\/cedaf.fca.unju.edu.ar\/wp-content\/uploads\/WhatsApp-Image-2025-07-01-at-11.51.56-AM-1536x941.jpeg 1536w, http:\/\/cedaf.fca.unju.edu.ar\/wp-content\/uploads\/WhatsApp-Image-2025-07-01-at-11.51.56-AM-2048x1254.jpeg 2048w\" sizes=\"auto, (max-width: 1024px) 100vw, 1024px\" \/><\/figure>\n\n\n\n<p>La participaci\u00f3n del LIVTA CEDAF representa una oportunidad para visibilizar el trabajo sostenido de formaci\u00f3n, investigaci\u00f3n y vinculaci\u00f3n territorial que la instituci\u00f3n viene desarrollando, fortaleciendo el rol de Jujuy como referente nacional en la transformaci\u00f3n agroecol\u00f3gica.<\/p>\n\n\n\n<p>\ud83c\udf3f Adem\u00e1s, el congreso contempla:<\/p>\n\n\n\n<ul class=\"wp-block-list\">\n<li>Paneles tem\u00e1ticos y talleres participativos.<\/li>\n\n\n\n<li>Experiencias de educaci\u00f3n popular y metodolog\u00edas comunitarias.<\/li>\n\n\n\n<li>Una jornada de <strong>visitas a campo<\/strong> el <strong>15 de noviembre<\/strong>, que permitir\u00e1 conocer in situ experiencias agroecol\u00f3gicas en distintas regiones bioclim\u00e1ticas de la provincia.<\/li>\n<\/ul>\n\n\n\n<p>\ud83d\udc65 El equipo de LIVTA &#8211; CEDAF invita a toda la comunidad a sumarse a este encuentro que conjuga ciencia, ancestralidad, territorio y acci\u00f3n colectiva. Ser\u00e1 un espacio para seguir construyendo redes federales y celebrando el compromiso por una agricultura diversa, justa y regenerativa.<\/p>\n\n\n\n<p>\ud83d\udce3 \u00a1No te olvides de seguir las redes sociales del congreso para mantenerte al tanto de las novedades, el programa y m\u00e1s detalles emocionantes! Est\u00e1n compartiendo informaci\u00f3n actualizada sobre las actividades, inscripciones y propuestas de intercambio.<\/p>\n\n\n\n<p><a href=\"https:\/\/ivcaaejujuy.unju.edu.ar\/index.html\">https:\/\/ivcaaejujuy.unju.edu.ar\/index.html<\/a><\/p>\n\n\n\n<p><a href=\"https:\/\/www.instagram.com\/congreso.agroecologia.jujuy\">https:\/\/www.instagram.com\/congreso.agroecologia.jujuy<\/a><\/p>\n\n\n\n<figure class=\"wp-block-image size-large\"><img loading=\"lazy\" decoding=\"async\" width=\"1024\" height=\"576\" src=\"http:\/\/cedaf.fca.unju.edu.ar\/wp-content\/uploads\/congreso-1024x576.jpg\" alt=\"\" class=\"wp-image-775\" srcset=\"http:\/\/cedaf.fca.unju.edu.ar\/wp-content\/uploads\/congreso-1024x576.jpg 1024w, http:\/\/cedaf.fca.unju.edu.ar\/wp-content\/uploads\/congreso-300x169.jpg 300w, http:\/\/cedaf.fca.unju.edu.ar\/wp-content\/uploads\/congreso-768x432.jpg 768w, http:\/\/cedaf.fca.unju.edu.ar\/wp-content\/uploads\/congreso.jpg 1280w\" sizes=\"auto, (max-width: 1024px) 100vw, 1024px\" \/><\/figure>\n","protected":false},"excerpt":{"rendered":"<p>Del 12 al 14 de noviembre de 2025, la ciudad de San Salvador de Jujuy ser\u00e1 sede del IV Congreso Argentino de Agroecolog\u00eda, organizado por la Sociedad Argentina de Agroecolog\u00eda (SAAE). Bajo el lema \u201cTejiendo redes entre ciencia y tradici\u00f3n al abrigo de la Pachamama\u201d, el evento reunir\u00e1 a productores\/as, investigadores\/as, educadores\/as y comunidades rurales [&hellip;]<\/p>\n","protected":false},"author":10,"featured_media":775,"comment_status":"closed","ping_status":"","sticky":false,"template":"","format":"standard","meta":{"footnotes":""},"categories":[6,12],"tags":[],"class_list":["post-774","post","type-post","status-publish","format-standard","has-post-thumbnail","hentry","category-livta","category-nosotros"],"_links":{"self":[{"href":"http:\/\/cedaf.fca.unju.edu.ar\/index.php?rest_route=\/wp\/v2\/posts\/774","targetHints":{"allow":["GET"]}}],"collection":[{"href":"http:\/\/cedaf.fca.unju.edu.ar\/index.php?rest_route=\/wp\/v2\/posts"}],"about":[{"href":"http:\/\/cedaf.fca.unju.edu.ar\/index.php?rest_route=\/wp\/v2\/types\/post"}],"author":[{"embeddable":true,"href":"http:\/\/cedaf.fca.unju.edu.ar\/index.php?rest_route=\/wp\/v2\/users\/10"}],"replies":[{"embeddable":true,"href":"http:\/\/cedaf.fca.unju.edu.ar\/index.php?rest_route=%2Fwp%2Fv2%2Fcomments&post=774"}],"version-history":[{"count":1,"href":"http:\/\/cedaf.fca.unju.edu.ar\/index.php?rest_route=\/wp\/v2\/posts\/774\/revisions"}],"predecessor-version":[{"id":778,"href":"http:\/\/cedaf.fca.unju.edu.ar\/index.php?rest_route=\/wp\/v2\/posts\/774\/revisions\/778"}],"wp:featuredmedia":[{"embeddable":true,"href":"http:\/\/cedaf.fca.unju.edu.ar\/index.php?rest_route=\/wp\/v2\/media\/775"}],"wp:attachment":[{"href":"http:\/\/cedaf.fca.unju.edu.ar\/index.php?rest_route=%2Fwp%2Fv2%2Fmedia&parent=774"}],"wp:term":[{"taxonomy":"category","embeddable":true,"href":"http:\/\/cedaf.fca.unju.edu.ar\/index.php?rest_route=%2Fwp%2Fv2%2Fcategories&post=774"},{"taxonomy":"post_tag","embeddable":true,"href":"http:\/\/cedaf.fca.unju.edu.ar\/index.php?rest_route=%2Fwp%2Fv2%2Ftags&post=774"}],"curies":[{"name":"wp","href":"https:\/\/api.w.org\/{rel}","templated":true}]}}