{"id":784,"date":"2025-07-01T13:14:54","date_gmt":"2025-07-01T16:14:54","guid":{"rendered":"http:\/\/cedaf.fca.unju.edu.ar\/?p=784"},"modified":"2025-07-01T13:16:09","modified_gmt":"2025-07-01T16:16:09","slug":"taller-sobre-multiplicacion-artesanal-de-microorganismos-beneficos-en-vivero","status":"publish","type":"post","link":"http:\/\/cedaf.fca.unju.edu.ar\/?p=784","title":{"rendered":"Taller sobre Multiplicaci\u00f3n Artesanal de Microorganismos Ben\u00e9ficos en Vivero"},"content":{"rendered":"\n<p>El pasado <strong>lunes 30 de junio<\/strong>, se desarroll\u00f3 en el <strong>Vivero Municipal de San Pedro<\/strong> el curso-taller titulado <strong>&#8220;Estrategias Biol\u00f3gicas para el Manejo de Enfermedades Vegetales&#8221;<\/strong>, con participaci\u00f3n activa del equipo del <strong>Laboratorio de Innovaci\u00f3n y Validaci\u00f3n de Tecnolog\u00edas Agroecol\u00f3gicas (LIVTA-CEDAF)<\/strong>.<\/p>\n\n\n<div class=\"wp-block-image\">\n<figure class=\"alignright size-large is-resized\"><img loading=\"lazy\" decoding=\"async\" width=\"2288\" height=\"1716\" src=\"http:\/\/cedaf.fca.unju.edu.ar\/wp-content\/uploads\/WhatsApp-Image-2025-07-01-at-9.51.35-AM-edited.jpeg\" alt=\"\" class=\"wp-image-786\" style=\"width:415px;height:auto\" srcset=\"http:\/\/cedaf.fca.unju.edu.ar\/wp-content\/uploads\/WhatsApp-Image-2025-07-01-at-9.51.35-AM-edited.jpeg 2288w, http:\/\/cedaf.fca.unju.edu.ar\/wp-content\/uploads\/WhatsApp-Image-2025-07-01-at-9.51.35-AM-edited-300x225.jpeg 300w, http:\/\/cedaf.fca.unju.edu.ar\/wp-content\/uploads\/WhatsApp-Image-2025-07-01-at-9.51.35-AM-edited-1024x768.jpeg 1024w, http:\/\/cedaf.fca.unju.edu.ar\/wp-content\/uploads\/WhatsApp-Image-2025-07-01-at-9.51.35-AM-edited-768x576.jpeg 768w, http:\/\/cedaf.fca.unju.edu.ar\/wp-content\/uploads\/WhatsApp-Image-2025-07-01-at-9.51.35-AM-edited-1536x1152.jpeg 1536w, http:\/\/cedaf.fca.unju.edu.ar\/wp-content\/uploads\/WhatsApp-Image-2025-07-01-at-9.51.35-AM-edited-2048x1536.jpeg 2048w\" sizes=\"auto, (max-width: 2288px) 100vw, 2288px\" \/><\/figure>\n<\/div>\n\n\n<p>Durante la jornada se abordaron estrategias agroecol\u00f3gicas para el manejo sostenible de enfermedades en cultivos, haciendo foco en la <strong>multiplicaci\u00f3n artesanal de microorganismos ben\u00e9ficos<\/strong>, especialmente del hongo <strong><em>Trichoderma spp.<\/em><\/strong> aplicado a la <strong>etapa de vivero<\/strong>. La capacitaci\u00f3n brind\u00f3 herramientas accesibles y t\u00e9cnicas cuidadas que aseguran la <strong>inocuidad del proceso<\/strong>, promoviendo su aplicaci\u00f3n en contextos locales con bajos requerimientos tecnol\u00f3gicos.<\/p>\n\n\n\n<p>\ud83d\udc69\u200d\ud83d\udd2c El taller fue dictado por:<\/p>\n\n\n\n<ul class=\"wp-block-list\">\n<li><strong>Ing. Agr. Paola Saiquita<\/strong> (LIVTA-CEDAF)<\/li>\n\n\n\n<li><strong>Lic. en Cs. Biol\u00f3gicas Paula Corregidor<\/strong> (LIVTA-CEDAF)<\/li>\n\n\n\n<li><strong>Ing. Agr. Nancy Sivila<\/strong> (FITOPATOLOG\u00cdA-CEDAF)<\/li>\n<\/ul>\n\n\n\n<p>La actividad, dirigida a estudiantes, productores y comunidad en general, busc\u00f3 fortalecer el v\u00ednculo entre la investigaci\u00f3n aplicada y las pr\u00e1cticas agroecol\u00f3gicas del territorio.<\/p>\n\n\n\n<div class=\"wp-block-columns is-layout-flex wp-container-core-columns-is-layout-9d6595d7 wp-block-columns-is-layout-flex\">\n<div class=\"wp-block-column is-layout-flow wp-block-column-is-layout-flow\" style=\"flex-basis:100%\">\n<details class=\"wp-block-details is-layout-flow wp-block-details-is-layout-flow\"><summary>Asistentes del taller personal del vivero, estudiantes de la Sede San Pedro UNJu y p\u00fablico en general.<\/summary>\n<figure class=\"wp-block-image\"><img loading=\"lazy\" decoding=\"async\" width=\"1024\" height=\"768\" src=\"http:\/\/cedaf.fca.unju.edu.ar\/wp-content\/uploads\/WhatsApp-Image-2025-07-01-at-10.18.58-AM-1024x768.jpeg\" alt=\"\" class=\"wp-image-788\" srcset=\"http:\/\/cedaf.fca.unju.edu.ar\/wp-content\/uploads\/WhatsApp-Image-2025-07-01-at-10.18.58-AM-1024x768.jpeg 1024w, http:\/\/cedaf.fca.unju.edu.ar\/wp-content\/uploads\/WhatsApp-Image-2025-07-01-at-10.18.58-AM-300x225.jpeg 300w, http:\/\/cedaf.fca.unju.edu.ar\/wp-content\/uploads\/WhatsApp-Image-2025-07-01-at-10.18.58-AM-768x576.jpeg 768w, http:\/\/cedaf.fca.unju.edu.ar\/wp-content\/uploads\/WhatsApp-Image-2025-07-01-at-10.18.58-AM.jpeg 1280w\" sizes=\"auto, (max-width: 1024px) 100vw, 1024px\" \/><\/figure>\n<\/details>\n<\/div>\n<\/div>\n\n\n\n<figure class=\"wp-block-image size-large\"><img loading=\"lazy\" decoding=\"async\" width=\"1024\" height=\"768\" src=\"http:\/\/cedaf.fca.unju.edu.ar\/wp-content\/uploads\/WhatsApp-Image-2025-07-01-at-10.18.56-AM-1024x768.jpeg\" alt=\"\" class=\"wp-image-790\" srcset=\"http:\/\/cedaf.fca.unju.edu.ar\/wp-content\/uploads\/WhatsApp-Image-2025-07-01-at-10.18.56-AM-1024x768.jpeg 1024w, http:\/\/cedaf.fca.unju.edu.ar\/wp-content\/uploads\/WhatsApp-Image-2025-07-01-at-10.18.56-AM-300x225.jpeg 300w, http:\/\/cedaf.fca.unju.edu.ar\/wp-content\/uploads\/WhatsApp-Image-2025-07-01-at-10.18.56-AM-768x576.jpeg 768w, http:\/\/cedaf.fca.unju.edu.ar\/wp-content\/uploads\/WhatsApp-Image-2025-07-01-at-10.18.56-AM.jpeg 1280w\" sizes=\"auto, (max-width: 1024px) 100vw, 1024px\" \/><\/figure>\n\n\n\n<div class=\"wp-block-group is-layout-grid wp-container-core-group-is-layout-9649a0d9 wp-block-group-is-layout-grid\">\n<figure class=\"wp-block-image size-large is-resized\"><img loading=\"lazy\" decoding=\"async\" width=\"768\" height=\"1024\" src=\"http:\/\/cedaf.fca.unju.edu.ar\/wp-content\/uploads\/23f1d266-dc12-4bea-88c3-3bf479addb2d-768x1024.jpg\" alt=\"\" class=\"wp-image-795\" style=\"width:194px;height:auto\" srcset=\"http:\/\/cedaf.fca.unju.edu.ar\/wp-content\/uploads\/23f1d266-dc12-4bea-88c3-3bf479addb2d-768x1024.jpg 768w, http:\/\/cedaf.fca.unju.edu.ar\/wp-content\/uploads\/23f1d266-dc12-4bea-88c3-3bf479addb2d-225x300.jpg 225w, http:\/\/cedaf.fca.unju.edu.ar\/wp-content\/uploads\/23f1d266-dc12-4bea-88c3-3bf479addb2d-1152x1536.jpg 1152w, http:\/\/cedaf.fca.unju.edu.ar\/wp-content\/uploads\/23f1d266-dc12-4bea-88c3-3bf479addb2d.jpg 1488w\" sizes=\"auto, (max-width: 768px) 100vw, 768px\" \/><\/figure>\n\n\n\n<figure class=\"wp-block-image size-large\"><img loading=\"lazy\" decoding=\"async\" width=\"768\" height=\"1024\" src=\"http:\/\/cedaf.fca.unju.edu.ar\/wp-content\/uploads\/b79ce433-2c53-482b-902c-5990f62b6b02-768x1024.jpg\" alt=\"\" class=\"wp-image-794\" srcset=\"http:\/\/cedaf.fca.unju.edu.ar\/wp-content\/uploads\/b79ce433-2c53-482b-902c-5990f62b6b02-768x1024.jpg 768w, http:\/\/cedaf.fca.unju.edu.ar\/wp-content\/uploads\/b79ce433-2c53-482b-902c-5990f62b6b02-225x300.jpg 225w, http:\/\/cedaf.fca.unju.edu.ar\/wp-content\/uploads\/b79ce433-2c53-482b-902c-5990f62b6b02-1152x1536.jpg 1152w, http:\/\/cedaf.fca.unju.edu.ar\/wp-content\/uploads\/b79ce433-2c53-482b-902c-5990f62b6b02.jpg 1488w\" sizes=\"auto, (max-width: 768px) 100vw, 768px\" \/><\/figure>\n\n\n\n<figure class=\"wp-block-image size-large\"><img loading=\"lazy\" decoding=\"async\" width=\"768\" height=\"1024\" src=\"http:\/\/cedaf.fca.unju.edu.ar\/wp-content\/uploads\/e8b54270-f029-46d5-8779-fb6c9536f0a6-768x1024.jpg\" alt=\"\" class=\"wp-image-793\" srcset=\"http:\/\/cedaf.fca.unju.edu.ar\/wp-content\/uploads\/e8b54270-f029-46d5-8779-fb6c9536f0a6-768x1024.jpg 768w, http:\/\/cedaf.fca.unju.edu.ar\/wp-content\/uploads\/e8b54270-f029-46d5-8779-fb6c9536f0a6-225x300.jpg 225w, http:\/\/cedaf.fca.unju.edu.ar\/wp-content\/uploads\/e8b54270-f029-46d5-8779-fb6c9536f0a6-1152x1536.jpg 1152w, http:\/\/cedaf.fca.unju.edu.ar\/wp-content\/uploads\/e8b54270-f029-46d5-8779-fb6c9536f0a6.jpg 1488w\" sizes=\"auto, (max-width: 768px) 100vw, 768px\" \/><\/figure>\n\n\n\n<figure class=\"wp-block-image size-large\"><img loading=\"lazy\" decoding=\"async\" width=\"768\" height=\"1024\" src=\"http:\/\/cedaf.fca.unju.edu.ar\/wp-content\/uploads\/83946b7c-b81c-4b00-a56c-8ad4d51217d2-768x1024.jpg\" alt=\"\" class=\"wp-image-792\" srcset=\"http:\/\/cedaf.fca.unju.edu.ar\/wp-content\/uploads\/83946b7c-b81c-4b00-a56c-8ad4d51217d2-768x1024.jpg 768w, http:\/\/cedaf.fca.unju.edu.ar\/wp-content\/uploads\/83946b7c-b81c-4b00-a56c-8ad4d51217d2-225x300.jpg 225w, http:\/\/cedaf.fca.unju.edu.ar\/wp-content\/uploads\/83946b7c-b81c-4b00-a56c-8ad4d51217d2-1152x1536.jpg 1152w, http:\/\/cedaf.fca.unju.edu.ar\/wp-content\/uploads\/83946b7c-b81c-4b00-a56c-8ad4d51217d2.jpg 1488w\" sizes=\"auto, (max-width: 768px) 100vw, 768px\" \/><\/figure>\n<\/div>\n\n\n\n<div class=\"wp-block-group is-layout-grid wp-container-core-group-is-layout-9649a0d9 wp-block-group-is-layout-grid\">\n<figure class=\"wp-block-image size-large\"><img loading=\"lazy\" decoding=\"async\" width=\"768\" height=\"1024\" src=\"http:\/\/cedaf.fca.unju.edu.ar\/wp-content\/uploads\/4cdd4c3c-53ea-4064-a595-a913d050505a-768x1024.jpg\" alt=\"\" class=\"wp-image-791\" srcset=\"http:\/\/cedaf.fca.unju.edu.ar\/wp-content\/uploads\/4cdd4c3c-53ea-4064-a595-a913d050505a-768x1024.jpg 768w, http:\/\/cedaf.fca.unju.edu.ar\/wp-content\/uploads\/4cdd4c3c-53ea-4064-a595-a913d050505a-225x300.jpg 225w, http:\/\/cedaf.fca.unju.edu.ar\/wp-content\/uploads\/4cdd4c3c-53ea-4064-a595-a913d050505a-1152x1536.jpg 1152w, http:\/\/cedaf.fca.unju.edu.ar\/wp-content\/uploads\/4cdd4c3c-53ea-4064-a595-a913d050505a.jpg 1488w\" sizes=\"auto, (max-width: 768px) 100vw, 768px\" \/><\/figure>\n<\/div>\n","protected":false},"excerpt":{"rendered":"<p>El pasado lunes 30 de junio, se desarroll\u00f3 en el Vivero Municipal de San Pedro el curso-taller titulado &#8220;Estrategias Biol\u00f3gicas para el Manejo de Enfermedades Vegetales&#8221;, con participaci\u00f3n activa del equipo del Laboratorio de Innovaci\u00f3n y Validaci\u00f3n de Tecnolog\u00edas Agroecol\u00f3gicas (LIVTA-CEDAF). Durante la jornada se abordaron estrategias agroecol\u00f3gicas para el manejo sostenible de enfermedades en [&hellip;]<\/p>\n","protected":false},"author":10,"featured_media":787,"comment_status":"closed","ping_status":"","sticky":false,"template":"","format":"standard","meta":{"footnotes":""},"categories":[5,6,12],"tags":[],"class_list":["post-784","post","type-post","status-publish","format-standard","has-post-thumbnail","hentry","category-cursos","category-livta","category-nosotros"],"_links":{"self":[{"href":"http:\/\/cedaf.fca.unju.edu.ar\/index.php?rest_route=\/wp\/v2\/posts\/784","targetHints":{"allow":["GET"]}}],"collection":[{"href":"http:\/\/cedaf.fca.unju.edu.ar\/index.php?rest_route=\/wp\/v2\/posts"}],"about":[{"href":"http:\/\/cedaf.fca.unju.edu.ar\/index.php?rest_route=\/wp\/v2\/types\/post"}],"author":[{"embeddable":true,"href":"http:\/\/cedaf.fca.unju.edu.ar\/index.php?rest_route=\/wp\/v2\/users\/10"}],"replies":[{"embeddable":true,"href":"http:\/\/cedaf.fca.unju.edu.ar\/index.php?rest_route=%2Fwp%2Fv2%2Fcomments&post=784"}],"version-history":[{"count":1,"href":"http:\/\/cedaf.fca.unju.edu.ar\/index.php?rest_route=\/wp\/v2\/posts\/784\/revisions"}],"predecessor-version":[{"id":796,"href":"http:\/\/cedaf.fca.unju.edu.ar\/index.php?rest_route=\/wp\/v2\/posts\/784\/revisions\/796"}],"wp:featuredmedia":[{"embeddable":true,"href":"http:\/\/cedaf.fca.unju.edu.ar\/index.php?rest_route=\/wp\/v2\/media\/787"}],"wp:attachment":[{"href":"http:\/\/cedaf.fca.unju.edu.ar\/index.php?rest_route=%2Fwp%2Fv2%2Fmedia&parent=784"}],"wp:term":[{"taxonomy":"category","embeddable":true,"href":"http:\/\/cedaf.fca.unju.edu.ar\/index.php?rest_route=%2Fwp%2Fv2%2Fcategories&post=784"},{"taxonomy":"post_tag","embeddable":true,"href":"http:\/\/cedaf.fca.unju.edu.ar\/index.php?rest_route=%2Fwp%2Fv2%2Ftags&post=784"}],"curies":[{"name":"wp","href":"https:\/\/api.w.org\/{rel}","templated":true}]}}