{"id":799,"date":"2025-07-01T09:19:49","date_gmt":"2025-07-01T12:19:49","guid":{"rendered":"http:\/\/cedaf.fca.unju.edu.ar\/?p=799"},"modified":"2025-07-03T09:29:42","modified_gmt":"2025-07-03T12:29:42","slug":"%e2%9c%8d%ef%b8%8f-taller-virtual-de-escritura-para-el-iv-congreso-argentino-de-agroecologia","status":"publish","type":"post","link":"http:\/\/cedaf.fca.unju.edu.ar\/?p=799","title":{"rendered":"\u270d\ufe0f Taller virtual de escritura para el IV Congreso Argentino de Agroecolog\u00eda"},"content":{"rendered":"\n<p><strong>\u00bfQuer\u00e9s contar tu experiencia en agroecolog\u00eda y no sab\u00e9s por d\u00f3nde empezar?<\/strong> Este taller est\u00e1 pensado especialmente para vos \ud83c\udf3f<\/p>\n\n\n\n<p>Desde el <strong>LIVTA-CEDAF<\/strong>, en sinton\u00eda con nuestro compromiso con la formaci\u00f3n integral y el enfoque agroecol\u00f3gico queremos invitarte a participar del <strong>Taller Virtual de Escritura de Relatos de Experiencia<\/strong>, una propuesta del Comit\u00e9 Organizador del <strong>IV Congreso Argentino de Agroecolog\u00eda<\/strong>, que busca acompa\u00f1ar a las y los protagonistas del hacer agroecol\u00f3gico en la construcci\u00f3n de relatos claros, genuinos y significativos.<\/p>\n\n\n\n<p>\ud83d\uddd3 <strong>Cu\u00e1ndo:<\/strong> mi\u00e9rcoles 3 de julio de 2025 \ud83d\udd54 <strong>Hora:<\/strong> 17:00 (modalidad virtual) \ud83d\udca1 <strong>Destinatarios:<\/strong> estudiantes, productores, docentes, t\u00e9cnicos, investigadoras\/es y todas las personas interesadas en compartir sus vivencias en clave agroecol\u00f3gica.<\/p>\n\n\n\n<p>El taller contara con la <strong>Dra. Tamara Perelmuter<\/strong> (INTA CIPAF) y el <strong>Dr. Santiago Sarand\u00f3n<\/strong> (UNLP, presidente de la Sociedad Argentina de Agroecolog\u00eda), referentes en el enfoque experiencial y transformador que la agroecolog\u00eda propone.<\/p>\n\n\n\n<p>\ud83d\udcdd La participaci\u00f3n es gratuita, con inscripci\u00f3n previa a trav\u00e9s del sitio oficial del Congreso: \ud83d\udd17 ivcaaejujuy.unju.edu.ar , o a trav\u00e9s del siguiente link https:\/\/forms.gle\/LhdziPMF93Ljcm3t9<\/p>\n\n\n\n<p>\ud83d\udce3 \u00a1Animate a escribir tu historia! Tus experiencias pueden inspirar, conectar y transformar. Este taller es una oportunidad para darles forma y compartirlas con una comunidad que valora el hacer con conciencia \ud83c\udf31\ud83d\udcac<\/p>\n\n\n\n<div class=\"wp-block-group\"><div class=\"wp-block-group__inner-container is-layout-constrained wp-block-group-is-layout-constrained\">\n<div class=\"wp-block-group\"><div class=\"wp-block-group__inner-container is-layout-constrained wp-block-group-is-layout-constrained\"><\/div><\/div>\n<\/div><\/div>\n\n\n\n<div class=\"wp-block-group is-nowrap is-layout-flex wp-container-core-group-is-layout-ad2f72ca wp-block-group-is-layout-flex\">\n<figure class=\"wp-block-image size-large is-resized\"><img loading=\"lazy\" decoding=\"async\" width=\"801\" height=\"1024\" src=\"http:\/\/cedaf.fca.unju.edu.ar\/wp-content\/uploads\/WhatsApp-Image-2025-07-03-at-9.16.58-AM-801x1024.jpeg\" alt=\"\" class=\"wp-image-804\" style=\"width:283px;height:auto\" srcset=\"http:\/\/cedaf.fca.unju.edu.ar\/wp-content\/uploads\/WhatsApp-Image-2025-07-03-at-9.16.58-AM-801x1024.jpeg 801w, http:\/\/cedaf.fca.unju.edu.ar\/wp-content\/uploads\/WhatsApp-Image-2025-07-03-at-9.16.58-AM-235x300.jpeg 235w, http:\/\/cedaf.fca.unju.edu.ar\/wp-content\/uploads\/WhatsApp-Image-2025-07-03-at-9.16.58-AM-768x982.jpeg 768w, http:\/\/cedaf.fca.unju.edu.ar\/wp-content\/uploads\/WhatsApp-Image-2025-07-03-at-9.16.58-AM.jpeg 1001w\" sizes=\"auto, (max-width: 801px) 100vw, 801px\" \/><\/figure>\n\n\n\n<figure class=\"wp-block-image size-large is-resized\"><img loading=\"lazy\" decoding=\"async\" width=\"819\" height=\"1024\" src=\"http:\/\/cedaf.fca.unju.edu.ar\/wp-content\/uploads\/WhatsApp-Image-2025-07-03-at-9.17.58-AM-819x1024.jpeg\" alt=\"\" class=\"wp-image-803\" style=\"width:283px;height:auto\" srcset=\"http:\/\/cedaf.fca.unju.edu.ar\/wp-content\/uploads\/WhatsApp-Image-2025-07-03-at-9.17.58-AM-819x1024.jpeg 819w, http:\/\/cedaf.fca.unju.edu.ar\/wp-content\/uploads\/WhatsApp-Image-2025-07-03-at-9.17.58-AM-240x300.jpeg 240w, http:\/\/cedaf.fca.unju.edu.ar\/wp-content\/uploads\/WhatsApp-Image-2025-07-03-at-9.17.58-AM-768x960.jpeg 768w, http:\/\/cedaf.fca.unju.edu.ar\/wp-content\/uploads\/WhatsApp-Image-2025-07-03-at-9.17.58-AM.jpeg 1080w\" sizes=\"auto, (max-width: 819px) 100vw, 819px\" \/><\/figure>\n\n\n\n<figure class=\"wp-block-image size-large is-resized\"><img loading=\"lazy\" decoding=\"async\" width=\"819\" height=\"1024\" src=\"http:\/\/cedaf.fca.unju.edu.ar\/wp-content\/uploads\/WhatsApp-Image-2025-07-03-at-9.17.58-AM-1-819x1024.jpeg\" alt=\"\" class=\"wp-image-802\" style=\"width:282px;height:auto\" srcset=\"http:\/\/cedaf.fca.unju.edu.ar\/wp-content\/uploads\/WhatsApp-Image-2025-07-03-at-9.17.58-AM-1-819x1024.jpeg 819w, http:\/\/cedaf.fca.unju.edu.ar\/wp-content\/uploads\/WhatsApp-Image-2025-07-03-at-9.17.58-AM-1-240x300.jpeg 240w, http:\/\/cedaf.fca.unju.edu.ar\/wp-content\/uploads\/WhatsApp-Image-2025-07-03-at-9.17.58-AM-1-768x960.jpeg 768w, http:\/\/cedaf.fca.unju.edu.ar\/wp-content\/uploads\/WhatsApp-Image-2025-07-03-at-9.17.58-AM-1.jpeg 1080w\" sizes=\"auto, (max-width: 819px) 100vw, 819px\" \/><\/figure>\n<\/div>\n\n\n\n<p><\/p>\n","protected":false},"excerpt":{"rendered":"<p>\u00bfQuer\u00e9s contar tu experiencia en agroecolog\u00eda y no sab\u00e9s por d\u00f3nde empezar? Este taller est\u00e1 pensado especialmente para vos \ud83c\udf3f Desde el LIVTA-CEDAF, en sinton\u00eda con nuestro compromiso con la formaci\u00f3n integral y el enfoque agroecol\u00f3gico queremos invitarte a participar del Taller Virtual de Escritura de Relatos de Experiencia, una propuesta del Comit\u00e9 Organizador del [&hellip;]<\/p>\n","protected":false},"author":10,"featured_media":804,"comment_status":"closed","ping_status":"","sticky":false,"template":"","format":"standard","meta":{"footnotes":""},"categories":[5,8],"tags":[],"class_list":["post-799","post","type-post","status-publish","format-standard","has-post-thumbnail","hentry","category-cursos","category-multimedia"],"_links":{"self":[{"href":"http:\/\/cedaf.fca.unju.edu.ar\/index.php?rest_route=\/wp\/v2\/posts\/799","targetHints":{"allow":["GET"]}}],"collection":[{"href":"http:\/\/cedaf.fca.unju.edu.ar\/index.php?rest_route=\/wp\/v2\/posts"}],"about":[{"href":"http:\/\/cedaf.fca.unju.edu.ar\/index.php?rest_route=\/wp\/v2\/types\/post"}],"author":[{"embeddable":true,"href":"http:\/\/cedaf.fca.unju.edu.ar\/index.php?rest_route=\/wp\/v2\/users\/10"}],"replies":[{"embeddable":true,"href":"http:\/\/cedaf.fca.unju.edu.ar\/index.php?rest_route=%2Fwp%2Fv2%2Fcomments&post=799"}],"version-history":[{"count":1,"href":"http:\/\/cedaf.fca.unju.edu.ar\/index.php?rest_route=\/wp\/v2\/posts\/799\/revisions"}],"predecessor-version":[{"id":805,"href":"http:\/\/cedaf.fca.unju.edu.ar\/index.php?rest_route=\/wp\/v2\/posts\/799\/revisions\/805"}],"wp:featuredmedia":[{"embeddable":true,"href":"http:\/\/cedaf.fca.unju.edu.ar\/index.php?rest_route=\/wp\/v2\/media\/804"}],"wp:attachment":[{"href":"http:\/\/cedaf.fca.unju.edu.ar\/index.php?rest_route=%2Fwp%2Fv2%2Fmedia&parent=799"}],"wp:term":[{"taxonomy":"category","embeddable":true,"href":"http:\/\/cedaf.fca.unju.edu.ar\/index.php?rest_route=%2Fwp%2Fv2%2Fcategories&post=799"},{"taxonomy":"post_tag","embeddable":true,"href":"http:\/\/cedaf.fca.unju.edu.ar\/index.php?rest_route=%2Fwp%2Fv2%2Ftags&post=799"}],"curies":[{"name":"wp","href":"https:\/\/api.w.org\/{rel}","templated":true}]}}