{"id":812,"date":"2025-06-13T10:11:00","date_gmt":"2025-06-13T13:11:00","guid":{"rendered":"http:\/\/cedaf.fca.unju.edu.ar\/?p=812"},"modified":"2025-12-11T11:59:12","modified_gmt":"2025-12-11T14:59:12","slug":"taller-suelo-sano-persona-sana-estudiantes-de-escuelas-tecnicas-reflexionan-sobre-el-cuidado-del-ambiente","status":"publish","type":"post","link":"http:\/\/cedaf.fca.unju.edu.ar\/?p=812","title":{"rendered":"Taller \u201cSuelo Sano, Persona Sana\u201d: estudiantes de escuelas t\u00e9cnicas reflexionan sobre el cuidado del ambiente"},"content":{"rendered":"\n<p>El pasado 11 de Junio, se desarroll\u00f3 en la ciudad de <strong>Libertador San Mart\u00edn<\/strong> un enriquecedor taller educativo centrado en la <strong>concientizaci\u00f3n sobre el cuidado del suelo y el consumo responsable<\/strong>, tem\u00e1ticas clave para el desarrollo sostenible y la salud ambiental. Taller que estuvo a cargo  del equipo de trabajo de Laboratorio de Innovaci\u00f3n y Validaci\u00f3n de Tecnolog\u00edas Agroecol\u00f3gicas (LIVTA) de la Facultad de Ciencias Agrarias.<\/p>\n\n\n\n<p>La actividad tuvo lugar en el <strong>Colegio T\u00e9cnico &#8220;Ingeniero Arrieta<\/strong>&#8220;, y reuni\u00f3 a casi <strong>300 alumnos<\/strong>, provenientes tanto de dicha instituci\u00f3n como del <strong>Colegio Agrot\u00e9cnico \u201cN\u00e9lida Arrieta\u201d<\/strong> de la misma ciudad, quienes participaron activamente en las distintas propuestas del encuentro.<\/p>\n\n\n\n<p>Durante la jornada, se abordaron aspectos fundamentales como la importancia de conservar la calidad del suelo, el impacto de nuestras decisiones de consumo en los ecosistemas, y el rol de la juventud en la promoci\u00f3n de pr\u00e1cticas responsables. A trav\u00e9s de charlas interactivas, din\u00e1micas grupales y espacios de reflexi\u00f3n, los estudiantes pudieron interiorizar conceptos clave y compartir sus propias experiencias.<\/p>\n\n\n\n<div class=\"wp-block-group is-layout-grid wp-container-core-group-is-layout-9649a0d9 wp-block-group-is-layout-grid\">\n<figure class=\"wp-block-image size-large\"><img loading=\"lazy\" decoding=\"async\" width=\"768\" height=\"1024\" src=\"http:\/\/cedaf.fca.unju.edu.ar\/wp-content\/uploads\/WhatsApp-Image-2025-12-11-at-11.51.38-AM-768x1024.jpeg\" alt=\"\" class=\"wp-image-863\" srcset=\"http:\/\/cedaf.fca.unju.edu.ar\/wp-content\/uploads\/WhatsApp-Image-2025-12-11-at-11.51.38-AM-768x1024.jpeg 768w, http:\/\/cedaf.fca.unju.edu.ar\/wp-content\/uploads\/WhatsApp-Image-2025-12-11-at-11.51.38-AM-225x300.jpeg 225w, http:\/\/cedaf.fca.unju.edu.ar\/wp-content\/uploads\/WhatsApp-Image-2025-12-11-at-11.51.38-AM.jpeg 960w\" sizes=\"auto, (max-width: 768px) 100vw, 768px\" \/><\/figure>\n\n\n\n<figure class=\"wp-block-image size-large\"><img loading=\"lazy\" decoding=\"async\" width=\"768\" height=\"1024\" src=\"http:\/\/cedaf.fca.unju.edu.ar\/wp-content\/uploads\/WhatsApp-Image-2025-12-11-at-11.51.39-AM-1-768x1024.jpeg\" alt=\"\" class=\"wp-image-860\" srcset=\"http:\/\/cedaf.fca.unju.edu.ar\/wp-content\/uploads\/WhatsApp-Image-2025-12-11-at-11.51.39-AM-1-768x1024.jpeg 768w, http:\/\/cedaf.fca.unju.edu.ar\/wp-content\/uploads\/WhatsApp-Image-2025-12-11-at-11.51.39-AM-1-225x300.jpeg 225w, http:\/\/cedaf.fca.unju.edu.ar\/wp-content\/uploads\/WhatsApp-Image-2025-12-11-at-11.51.39-AM-1.jpeg 960w\" sizes=\"auto, (max-width: 768px) 100vw, 768px\" \/><\/figure>\n\n\n\n<figure class=\"wp-block-image size-large\"><img loading=\"lazy\" decoding=\"async\" width=\"768\" height=\"1024\" src=\"http:\/\/cedaf.fca.unju.edu.ar\/wp-content\/uploads\/WhatsApp-Image-2025-12-11-at-11.51.36-AM-768x1024.jpeg\" alt=\"\" class=\"wp-image-866\" srcset=\"http:\/\/cedaf.fca.unju.edu.ar\/wp-content\/uploads\/WhatsApp-Image-2025-12-11-at-11.51.36-AM-768x1024.jpeg 768w, http:\/\/cedaf.fca.unju.edu.ar\/wp-content\/uploads\/WhatsApp-Image-2025-12-11-at-11.51.36-AM-225x300.jpeg 225w, http:\/\/cedaf.fca.unju.edu.ar\/wp-content\/uploads\/WhatsApp-Image-2025-12-11-at-11.51.36-AM.jpeg 960w\" sizes=\"auto, (max-width: 768px) 100vw, 768px\" \/><\/figure>\n\n\n\n<figure class=\"wp-block-image size-large\"><img loading=\"lazy\" decoding=\"async\" width=\"768\" height=\"1024\" src=\"http:\/\/cedaf.fca.unju.edu.ar\/wp-content\/uploads\/WhatsApp-Image-2025-12-11-at-11.51.46-AM-768x1024.jpeg\" alt=\"\" class=\"wp-image-857\" srcset=\"http:\/\/cedaf.fca.unju.edu.ar\/wp-content\/uploads\/WhatsApp-Image-2025-12-11-at-11.51.46-AM-768x1024.jpeg 768w, http:\/\/cedaf.fca.unju.edu.ar\/wp-content\/uploads\/WhatsApp-Image-2025-12-11-at-11.51.46-AM-225x300.jpeg 225w, http:\/\/cedaf.fca.unju.edu.ar\/wp-content\/uploads\/WhatsApp-Image-2025-12-11-at-11.51.46-AM.jpeg 960w\" sizes=\"auto, (max-width: 768px) 100vw, 768px\" \/><\/figure>\n<\/div>\n\n\n\n<p>Docentes y organizadores destacaron el entusiasmo de los participantes y subrayaron la necesidad de continuar generando estos espacios de formaci\u00f3n, que permiten vincular el conocimiento acad\u00e9mico con los desaf\u00edos reales que enfrenta nuestra sociedad. Todas estas actividades se enmarcan en las acciones de promoci\u00f3n y difusi\u00f3n del 4\u00b0 Congreso Argentino de Agroecolog\u00eda, que tendr\u00e1 como sede a la provincia de Jujuy los d\u00edas 12, 13 y 14 del mes de Noviembre. Este importante evento reunir\u00e1 a especialistas, productores, educadores y estudiantes de todo el pa\u00eds para intercambiar saberes y fortalecer pr\u00e1cticas agroecol\u00f3gicas que impulsen un modelo de desarrollo sustentable y justo para nuestras comunidades.<\/p>\n\n\n\n<div class=\"wp-block-group is-layout-grid wp-container-core-group-is-layout-9649a0d9 wp-block-group-is-layout-grid\">\n<figure class=\"wp-block-image size-large\"><img loading=\"lazy\" decoding=\"async\" width=\"768\" height=\"1024\" src=\"http:\/\/cedaf.fca.unju.edu.ar\/wp-content\/uploads\/WhatsApp-Image-2025-12-11-at-11.51.45-AM-768x1024.jpeg\" alt=\"\" class=\"wp-image-858\" srcset=\"http:\/\/cedaf.fca.unju.edu.ar\/wp-content\/uploads\/WhatsApp-Image-2025-12-11-at-11.51.45-AM-768x1024.jpeg 768w, http:\/\/cedaf.fca.unju.edu.ar\/wp-content\/uploads\/WhatsApp-Image-2025-12-11-at-11.51.45-AM-225x300.jpeg 225w, http:\/\/cedaf.fca.unju.edu.ar\/wp-content\/uploads\/WhatsApp-Image-2025-12-11-at-11.51.45-AM.jpeg 960w\" sizes=\"auto, (max-width: 768px) 100vw, 768px\" \/><\/figure>\n\n\n\n<figure class=\"wp-block-image size-large\"><img loading=\"lazy\" decoding=\"async\" width=\"807\" height=\"1076\" src=\"http:\/\/cedaf.fca.unju.edu.ar\/wp-content\/uploads\/WhatsApp-Image-2025-12-11-at-11.51.40-AM-edited.jpeg\" alt=\"\" class=\"wp-image-869\" srcset=\"http:\/\/cedaf.fca.unju.edu.ar\/wp-content\/uploads\/WhatsApp-Image-2025-12-11-at-11.51.40-AM-edited.jpeg 807w, http:\/\/cedaf.fca.unju.edu.ar\/wp-content\/uploads\/WhatsApp-Image-2025-12-11-at-11.51.40-AM-edited-225x300.jpeg 225w, http:\/\/cedaf.fca.unju.edu.ar\/wp-content\/uploads\/WhatsApp-Image-2025-12-11-at-11.51.40-AM-edited-768x1024.jpeg 768w\" sizes=\"auto, (max-width: 807px) 100vw, 807px\" \/><\/figure>\n<\/div>\n\n\n\n<p>Este tipo de iniciativas refuerzan el compromiso de las instituciones educativas con la construcci\u00f3n de una ciudadan\u00eda ambientalmente consciente, capaz de tomar decisiones informadas y responsables en su vida cotidiana. <\/p>\n\n\n\n<p><\/p>\n","protected":false},"excerpt":{"rendered":"<p>El pasado 11 de Junio, se desarroll\u00f3 en la ciudad de Libertador San Mart\u00edn un enriquecedor taller educativo centrado en la concientizaci\u00f3n sobre el cuidado del suelo y el consumo responsable, tem\u00e1ticas clave para el desarrollo sostenible y la salud ambiental. Taller que estuvo a cargo del equipo de trabajo de Laboratorio de Innovaci\u00f3n y [&hellip;]<\/p>\n","protected":false},"author":10,"featured_media":868,"comment_status":"closed","ping_status":"","sticky":false,"template":"","format":"standard","meta":{"footnotes":""},"categories":[5,6,1],"tags":[],"class_list":["post-812","post","type-post","status-publish","format-standard","has-post-thumbnail","hentry","category-cursos","category-livta","category-sin-categoria"],"_links":{"self":[{"href":"http:\/\/cedaf.fca.unju.edu.ar\/index.php?rest_route=\/wp\/v2\/posts\/812","targetHints":{"allow":["GET"]}}],"collection":[{"href":"http:\/\/cedaf.fca.unju.edu.ar\/index.php?rest_route=\/wp\/v2\/posts"}],"about":[{"href":"http:\/\/cedaf.fca.unju.edu.ar\/index.php?rest_route=\/wp\/v2\/types\/post"}],"author":[{"embeddable":true,"href":"http:\/\/cedaf.fca.unju.edu.ar\/index.php?rest_route=\/wp\/v2\/users\/10"}],"replies":[{"embeddable":true,"href":"http:\/\/cedaf.fca.unju.edu.ar\/index.php?rest_route=%2Fwp%2Fv2%2Fcomments&post=812"}],"version-history":[{"count":2,"href":"http:\/\/cedaf.fca.unju.edu.ar\/index.php?rest_route=\/wp\/v2\/posts\/812\/revisions"}],"predecessor-version":[{"id":870,"href":"http:\/\/cedaf.fca.unju.edu.ar\/index.php?rest_route=\/wp\/v2\/posts\/812\/revisions\/870"}],"wp:featuredmedia":[{"embeddable":true,"href":"http:\/\/cedaf.fca.unju.edu.ar\/index.php?rest_route=\/wp\/v2\/media\/868"}],"wp:attachment":[{"href":"http:\/\/cedaf.fca.unju.edu.ar\/index.php?rest_route=%2Fwp%2Fv2%2Fmedia&parent=812"}],"wp:term":[{"taxonomy":"category","embeddable":true,"href":"http:\/\/cedaf.fca.unju.edu.ar\/index.php?rest_route=%2Fwp%2Fv2%2Fcategories&post=812"},{"taxonomy":"post_tag","embeddable":true,"href":"http:\/\/cedaf.fca.unju.edu.ar\/index.php?rest_route=%2Fwp%2Fv2%2Ftags&post=812"}],"curies":[{"name":"wp","href":"https:\/\/api.w.org\/{rel}","templated":true}]}}