{"id":836,"date":"2025-11-16T09:51:00","date_gmt":"2025-11-16T12:51:00","guid":{"rendered":"http:\/\/cedaf.fca.unju.edu.ar\/?p=836"},"modified":"2025-12-11T11:26:05","modified_gmt":"2025-12-11T14:26:05","slug":"cedaf-y-livta-protagonistas-en-el-iv-congreso-argentino-de-agroecologia","status":"publish","type":"post","link":"http:\/\/cedaf.fca.unju.edu.ar\/?p=836","title":{"rendered":"El CEDAF y el LIVTA protagonistas en el IV Congreso Argentino de Agroecolog\u00eda"},"content":{"rendered":"\n<p>Del 12 al 14 de noviembre de 2025, San Salvador de Jujuy se convirti\u00f3 en el epicentro nacional de la agroecolog\u00eda al recibir el IV Congreso Argentino de Agroecolog\u00eda. Bajo el lema <em>\u201cTejiendo redes entre ciencia y tradici\u00f3n al abrigo de la Pachamama\u201d<\/em>, el encuentro reuni\u00f3 a investigadores, productores, estudiantes y comunidades de todo el pa\u00eds y de naciones vecinas, consolid\u00e1ndose como un espacio de intercambio y construcci\u00f3n colectiva.<\/p>\n\n\n\n<figure class=\"wp-block-image size-full\"><img loading=\"lazy\" decoding=\"async\" width=\"750\" height=\"375\" src=\"http:\/\/cedaf.fca.unju.edu.ar\/wp-content\/uploads\/IV-CAA-JUJUY-acto-apertura-e1763117348182-750x375-1.jpeg\" alt=\"\" class=\"wp-image-837\" srcset=\"http:\/\/cedaf.fca.unju.edu.ar\/wp-content\/uploads\/IV-CAA-JUJUY-acto-apertura-e1763117348182-750x375-1.jpeg 750w, http:\/\/cedaf.fca.unju.edu.ar\/wp-content\/uploads\/IV-CAA-JUJUY-acto-apertura-e1763117348182-750x375-1-300x150.jpeg 300w\" sizes=\"auto, (max-width: 750px) 100vw, 750px\" \/><\/figure>\n\n\n\n<p>En este marco, los integrantes del <strong>Centro de Estudios para el Desarrollo de la Agricultura Familiar (CEDAF)<\/strong> y del <strong>Laboratorio de Innovaci\u00f3n y Validaci\u00f3n de Tecnolog\u00edas Agroecol\u00f3gicas (LIVTA)<\/strong> tuvieron una participaci\u00f3n destacada. Presentaron trabajos cient\u00edficos en formato de p\u00f3sters, realizaron exposiciones orales y coordinaron talleres que reflejaron la diversidad de investigaciones y experiencias que se desarrollan en la regi\u00f3n. Sus aportes abordaron tem\u00e1ticas vinculadas a la producci\u00f3n sustentable, el uso de bioinsumos, la gesti\u00f3n territorial y la articulaci\u00f3n con comunidades campesinas, reafirmando el compromiso institucional con la soberan\u00eda alimentaria y el fortalecimiento de la agricultura familiar.<\/p>\n\n\n\n<p><\/p>\n\n\n\n<div class=\"wp-block-group is-layout-grid wp-container-core-group-is-layout-9649a0d9 wp-block-group-is-layout-grid\">\n<figure class=\"wp-block-image size-large\"><img loading=\"lazy\" decoding=\"async\" width=\"768\" height=\"1024\" src=\"http:\/\/cedaf.fca.unju.edu.ar\/wp-content\/uploads\/eq-inscripciones-1-768x1024.jpeg\" alt=\"\" class=\"wp-image-839\" srcset=\"http:\/\/cedaf.fca.unju.edu.ar\/wp-content\/uploads\/eq-inscripciones-1-768x1024.jpeg 768w, http:\/\/cedaf.fca.unju.edu.ar\/wp-content\/uploads\/eq-inscripciones-1-225x300.jpeg 225w, http:\/\/cedaf.fca.unju.edu.ar\/wp-content\/uploads\/eq-inscripciones-1-1152x1536.jpeg 1152w, http:\/\/cedaf.fca.unju.edu.ar\/wp-content\/uploads\/eq-inscripciones-1-1536x2048.jpeg 1536w, http:\/\/cedaf.fca.unju.edu.ar\/wp-content\/uploads\/eq-inscripciones-1-scaled.jpeg 1920w\" sizes=\"auto, (max-width: 768px) 100vw, 768px\" \/><\/figure>\n\n\n\n<figure class=\"wp-block-image size-large\"><img loading=\"lazy\" decoding=\"async\" width=\"768\" height=\"1024\" src=\"http:\/\/cedaf.fca.unju.edu.ar\/wp-content\/uploads\/cultura-con-Mario-768x1024.jpeg\" alt=\"\" class=\"wp-image-840\" srcset=\"http:\/\/cedaf.fca.unju.edu.ar\/wp-content\/uploads\/cultura-con-Mario-768x1024.jpeg 768w, http:\/\/cedaf.fca.unju.edu.ar\/wp-content\/uploads\/cultura-con-Mario-225x300.jpeg 225w, http:\/\/cedaf.fca.unju.edu.ar\/wp-content\/uploads\/cultura-con-Mario.jpeg 960w\" sizes=\"auto, (max-width: 768px) 100vw, 768px\" \/><\/figure>\n\n\n\n<figure class=\"wp-block-image size-large\"><img loading=\"lazy\" decoding=\"async\" width=\"768\" height=\"1024\" src=\"http:\/\/cedaf.fca.unju.edu.ar\/wp-content\/uploads\/cedaf-ema-ade-pao-768x1024.jpeg\" alt=\"\" class=\"wp-image-829\" srcset=\"http:\/\/cedaf.fca.unju.edu.ar\/wp-content\/uploads\/cedaf-ema-ade-pao-768x1024.jpeg 768w, http:\/\/cedaf.fca.unju.edu.ar\/wp-content\/uploads\/cedaf-ema-ade-pao-225x300.jpeg 225w, http:\/\/cedaf.fca.unju.edu.ar\/wp-content\/uploads\/cedaf-ema-ade-pao.jpeg 960w\" sizes=\"auto, (max-width: 768px) 100vw, 768px\" \/><\/figure>\n\n\n\n<figure class=\"wp-block-image size-full wp-container-content-69bc4bdf\"><img loading=\"lazy\" decoding=\"async\" width=\"514\" height=\"668\" src=\"http:\/\/cedaf.fca.unju.edu.ar\/wp-content\/uploads\/pose-cultura-ya.jpg\" alt=\"\" class=\"wp-image-843\" srcset=\"http:\/\/cedaf.fca.unju.edu.ar\/wp-content\/uploads\/pose-cultura-ya.jpg 514w, http:\/\/cedaf.fca.unju.edu.ar\/wp-content\/uploads\/pose-cultura-ya-231x300.jpg 231w\" sizes=\"auto, (max-width: 514px) 100vw, 514px\" \/><\/figure>\n<\/div>\n\n\n\n<p>La presencia del CEDAF y LIVTA no se limit\u00f3 a la presentaci\u00f3n acad\u00e9mica. Sus equipos formaron parte activa de la organizaci\u00f3n del Congreso, junto a instituciones igualmente comprometidas como la <strong>Universidad Nacional de Jujuy (UNJu)<\/strong>, el <strong>IPAF NOA del INTA<\/strong>, la <strong>Sociedad Argentina de Agroecolog\u00eda (SAAE)<\/strong>, la <strong>Tecnicatura en Cocina Regional y Cultura Alimentaria de la UNJu<\/strong>, productores locales y diversas organizaciones sociales y acad\u00e9micas. Fueron meses de arduo trabajo colectivo para recibir a los participantes nacionales e internacionales, garantizar la log\u00edstica y ofrecer un espacio de encuentro que reflejara la riqueza cultural y productiva de Jujuy.<\/p>\n\n\n\n<figure class=\"wp-block-image size-large is-resized\"><img loading=\"lazy\" decoding=\"async\" width=\"1024\" height=\"768\" src=\"http:\/\/cedaf.fca.unju.edu.ar\/wp-content\/uploads\/expositores-1024x768.jpeg\" alt=\"\" class=\"wp-image-832\" style=\"width:619px;height:auto\" srcset=\"http:\/\/cedaf.fca.unju.edu.ar\/wp-content\/uploads\/expositores-1024x768.jpeg 1024w, http:\/\/cedaf.fca.unju.edu.ar\/wp-content\/uploads\/expositores-300x225.jpeg 300w, http:\/\/cedaf.fca.unju.edu.ar\/wp-content\/uploads\/expositores-768x576.jpeg 768w, http:\/\/cedaf.fca.unju.edu.ar\/wp-content\/uploads\/expositores-1536x1152.jpeg 1536w, http:\/\/cedaf.fca.unju.edu.ar\/wp-content\/uploads\/expositores.jpeg 1600w\" sizes=\"auto, (max-width: 1024px) 100vw, 1024px\" \/><\/figure>\n\n\n\n<p>El Congreso dej\u00f3 en la provincia un mensaje claro: la agroecolog\u00eda es un camino de transformaci\u00f3n cultural y territorial que se construye colectivamente. La participaci\u00f3n del CEDAF y LIVTA reafirma que, desde la investigaci\u00f3n, la docencia y la acci\u00f3n comunitaria, es posible generar alternativas concretas para enfrentar los desaf\u00edos ambientales y sociales de nuestro tiempo.<\/p>\n\n\n\n<p>Con el esfuerzo compartido y la energ\u00eda de quienes creen en la agroecolog\u00eda como proyecto de vida, el IV Congreso Argentino de Agroecolog\u00eda se convirti\u00f3 en una verdadera celebraci\u00f3n de la Pachamama y en un paso m\u00e1s hacia un futuro sustentable y solidario.<\/p>\n\n\n\n<figure class=\"wp-block-image size-large\"><img loading=\"lazy\" decoding=\"async\" width=\"1024\" height=\"576\" src=\"http:\/\/cedaf.fca.unju.edu.ar\/wp-content\/uploads\/congreso-1024x576.jpg\" alt=\"\" class=\"wp-image-775\" srcset=\"http:\/\/cedaf.fca.unju.edu.ar\/wp-content\/uploads\/congreso-1024x576.jpg 1024w, http:\/\/cedaf.fca.unju.edu.ar\/wp-content\/uploads\/congreso-300x169.jpg 300w, http:\/\/cedaf.fca.unju.edu.ar\/wp-content\/uploads\/congreso-768x432.jpg 768w, http:\/\/cedaf.fca.unju.edu.ar\/wp-content\/uploads\/congreso.jpg 1280w\" sizes=\"auto, (max-width: 1024px) 100vw, 1024px\" \/><\/figure>\n","protected":false},"excerpt":{"rendered":"<p>Del 12 al 14 de noviembre de 2025, San Salvador de Jujuy se convirti\u00f3 en el epicentro nacional de la agroecolog\u00eda al recibir el IV Congreso Argentino de Agroecolog\u00eda. Bajo el lema \u201cTejiendo redes entre ciencia y tradici\u00f3n al abrigo de la Pachamama\u201d, el encuentro reuni\u00f3 a investigadores, productores, estudiantes y comunidades de todo el [&hellip;]<\/p>\n","protected":false},"author":10,"featured_media":833,"comment_status":"closed","ping_status":"","sticky":false,"template":"","format":"standard","meta":{"footnotes":""},"categories":[6,12,20],"tags":[],"class_list":["post-836","post","type-post","status-publish","format-standard","has-post-thumbnail","hentry","category-livta","category-nosotros","category-nuesta-gente-y-nuestra-cultura"],"_links":{"self":[{"href":"http:\/\/cedaf.fca.unju.edu.ar\/index.php?rest_route=\/wp\/v2\/posts\/836","targetHints":{"allow":["GET"]}}],"collection":[{"href":"http:\/\/cedaf.fca.unju.edu.ar\/index.php?rest_route=\/wp\/v2\/posts"}],"about":[{"href":"http:\/\/cedaf.fca.unju.edu.ar\/index.php?rest_route=\/wp\/v2\/types\/post"}],"author":[{"embeddable":true,"href":"http:\/\/cedaf.fca.unju.edu.ar\/index.php?rest_route=\/wp\/v2\/users\/10"}],"replies":[{"embeddable":true,"href":"http:\/\/cedaf.fca.unju.edu.ar\/index.php?rest_route=%2Fwp%2Fv2%2Fcomments&post=836"}],"version-history":[{"count":3,"href":"http:\/\/cedaf.fca.unju.edu.ar\/index.php?rest_route=\/wp\/v2\/posts\/836\/revisions"}],"predecessor-version":[{"id":847,"href":"http:\/\/cedaf.fca.unju.edu.ar\/index.php?rest_route=\/wp\/v2\/posts\/836\/revisions\/847"}],"wp:featuredmedia":[{"embeddable":true,"href":"http:\/\/cedaf.fca.unju.edu.ar\/index.php?rest_route=\/wp\/v2\/media\/833"}],"wp:attachment":[{"href":"http:\/\/cedaf.fca.unju.edu.ar\/index.php?rest_route=%2Fwp%2Fv2%2Fmedia&parent=836"}],"wp:term":[{"taxonomy":"category","embeddable":true,"href":"http:\/\/cedaf.fca.unju.edu.ar\/index.php?rest_route=%2Fwp%2Fv2%2Fcategories&post=836"},{"taxonomy":"post_tag","embeddable":true,"href":"http:\/\/cedaf.fca.unju.edu.ar\/index.php?rest_route=%2Fwp%2Fv2%2Ftags&post=836"}],"curies":[{"name":"wp","href":"https:\/\/api.w.org\/{rel}","templated":true}]}}